{"id":67110,"date":"2013-06-12T11:33:05","date_gmt":"2013-06-12T14:33:05","guid":{"rendered":"http:\/\/www.r2cpress.com.br\/v1\/?p=67110"},"modified":"2013-06-12T11:33:05","modified_gmt":"2013-06-12T14:33:05","slug":"flavio-reboucas-foi-um-dos-premiados-no-concurso-nacional-de-fotografia","status":"publish","type":"post","link":"https:\/\/www.r2cpress.com.br\/v1\/2013\/06\/12\/flavio-reboucas-foi-um-dos-premiados-no-concurso-nacional-de-fotografia\/","title":{"rendered":"Fl\u00e1vio Rebou\u00e7as foi um dos premiados no concurso nacional de fotografia"},"content":{"rendered":"<p>\tA fotografia de Fl\u00e1vio Rebou\u00e7as, \u201cSe entrose na minha\u201d, foi uma das vencedora do Concurso Cultural \u201cFotografe o Brasil\u201d. Realizada pela iStockphoto Brasil com patroc\u00ednio da Canon, a competi\u00e7\u00e3o recebeu 30.234 imagens de 4.287 fot\u00f3grafos de todo o Brasil e estava entre as 11 finalistas.  O jovem nascido em Ipia\u00fa, itacareense de cora\u00e7\u00e3o e radicado em Ilh\u00e9us, volta para casa com uma c\u00e2mera fotogr\u00e1fica Canon 7D. Ele participou da cerim\u00f4nia de premia\u00e7\u00e3o na noite de ontem (11), em S\u00e3o Paulo, no Museu da Imagem e do Som (MIS).<br \/>\n<div id=\"attachment_67111\" style=\"width: 510px\" class=\"wp-caption aligncenter\"><a href=\"http:\/\/www.r2cpress.com.br\/v1\/wp-content\/uploads\/Fl\u00e1vio-Rebou\u00e7as-premiado-no-concurso-Fotografe-o-Brasil.jpg\"><img aria-describedby=\"caption-attachment-67111\" loading=\"lazy\" src=\"http:\/\/www.r2cpress.com.br\/v1\/wp-content\/uploads\/Fl\u00e1vio-Rebou\u00e7as-premiado-no-concurso-Fotografe-o-Brasil.jpg\" alt=\"Fl\u00e1vio Rebou\u00e7as premiado no concurso Fotografe o Brasil\" width=\"500\" height=\"333\" class=\"size-full wp-image-67111\" srcset=\"https:\/\/www.r2cpress.com.br\/v1\/wp-content\/uploads\/Fl\u00e1vio-Rebou\u00e7as-premiado-no-concurso-Fotografe-o-Brasil.jpg 500w, https:\/\/www.r2cpress.com.br\/v1\/wp-content\/uploads\/Fl\u00e1vio-Rebou\u00e7as-premiado-no-concurso-Fotografe-o-Brasil-300x199.jpg 300w\" sizes=\"(max-width: 500px) 100vw, 500px\" \/><\/a><p id=\"caption-attachment-67111\" class=\"wp-caption-text\">Fl\u00e1vio Rebou\u00e7as premiado no concurso Fotografe o Brasil<\/p><\/div><br \/>\n\tA foto de Fl\u00e1vio Rebou\u00e7as foi escolhida pelo Diretor Criativo da iStockphoto Internacional, Brad Ralph. Al\u00e9m da imagem premiada, ele teve outras duas imagens selecionadas entre as 200 melhores.  \u201cA foto foi espont\u00e2nea, o registro de um momento de lazer, que fala da cumplicidade, do amor e da beleza natural e humana\u201d, declarou o fot\u00f3grafo, que \u00e9 coordenador do N\u00facleo de Audiovisual do Teatro Popular de Ilh\u00e9us e graduando do Curso de Comunica\u00e7\u00e3o Social da Universidade Estadual de Santa Cruz. <\/p>\n<p>As imagens finalistas do Concurso \u201cFotografe o Brasil\u201d ficar\u00e3o expostas no MIS entre os dias 12 e 16 de junho, no PhotoImageBrasil e no Senac Santo Amaro, em agosto. As fotografias selecionadas podem ser conferidas na p\u00e1gina oficial do concurso: www.fotografeobrasil.com.br\/\u200e.<\/p>\n","protected":false},"excerpt":{"rendered":"<p>A fotografia de Fl\u00e1vio Rebou\u00e7as, \u201cSe entrose na minha\u201d, foi uma das vencedora do Concurso Cultural \u201cFotografe o Brasil\u201d. Realizada pela iStockphoto Brasil com patroc\u00ednio da Canon, a competi\u00e7\u00e3o recebeu 30.234 imagens de 4.287 fot\u00f3grafos de todo o Brasil e estava entre as 11 finalistas. O jovem nascido em Ipia\u00fa, itacareense de cora\u00e7\u00e3o e radicado [&hellip;]<\/p>\n","protected":false},"author":2,"featured_media":0,"comment_status":"open","ping_status":"open","sticky":false,"template":"","format":"standard","meta":{"_links_to":"","_links_to_target":""},"categories":[5],"tags":[],"_links":{"self":[{"href":"https:\/\/www.r2cpress.com.br\/v1\/wp-json\/wp\/v2\/posts\/67110"}],"collection":[{"href":"https:\/\/www.r2cpress.com.br\/v1\/wp-json\/wp\/v2\/posts"}],"about":[{"href":"https:\/\/www.r2cpress.com.br\/v1\/wp-json\/wp\/v2\/types\/post"}],"author":[{"embeddable":true,"href":"https:\/\/www.r2cpress.com.br\/v1\/wp-json\/wp\/v2\/users\/2"}],"replies":[{"embeddable":true,"href":"https:\/\/www.r2cpress.com.br\/v1\/wp-json\/wp\/v2\/comments?post=67110"}],"version-history":[{"count":2,"href":"https:\/\/www.r2cpress.com.br\/v1\/wp-json\/wp\/v2\/posts\/67110\/revisions"}],"predecessor-version":[{"id":67113,"href":"https:\/\/www.r2cpress.com.br\/v1\/wp-json\/wp\/v2\/posts\/67110\/revisions\/67113"}],"wp:attachment":[{"href":"https:\/\/www.r2cpress.com.br\/v1\/wp-json\/wp\/v2\/media?parent=67110"}],"wp:term":[{"taxonomy":"category","embeddable":true,"href":"https:\/\/www.r2cpress.com.br\/v1\/wp-json\/wp\/v2\/categories?post=67110"},{"taxonomy":"post_tag","embeddable":true,"href":"https:\/\/www.r2cpress.com.br\/v1\/wp-json\/wp\/v2\/tags?post=67110"}],"curies":[{"name":"wp","href":"https:\/\/api.w.org\/{rel}","templated":true}]}}