{"id":6712,"date":"2011-01-16T18:28:43","date_gmt":"2011-01-16T21:28:43","guid":{"rendered":"http:\/\/www.r2cpress.com.br\/v1\/?p=6712"},"modified":"2011-01-16T21:16:03","modified_gmt":"2011-01-17T00:16:03","slug":"vitoria-perde-para-o-colo-colo-no-barradao","status":"publish","type":"post","link":"https:\/\/www.r2cpress.com.br\/v1\/2011\/01\/16\/vitoria-perde-para-o-colo-colo-no-barradao\/","title":{"rendered":"Vit\u00f3ria perde para o Colo-Colo no Barrad\u00e3o"},"content":{"rendered":"<p><b>Paulo Roberto Argollo<\/b><\/p>\n<p>Vit\u00f3ria e Colo-Colo se enfrentaram na tarde deste domingo (16) no Est\u00e1dio Manoel Barradas, em Salvador \u00e0s 16:00 horas. Le\u00e3o e Tigre tamb\u00e9m abriram o estadual da Bahia em 2006, quando a equipe ilheense conquistou o t\u00edtulo.<\/p>\n<p>O Vit\u00f3ria n\u00e3o come\u00e7ou muito bem deixando o torcedor rubro negro chateado e o Colo-Colo aproveitou para criar boas oportunidades com Inho Baiano, Narc\u00edsio e o atacante Nem.<\/p>\n<p>Na zaga do Tigr\u00e3o o capit\u00e3o Rodrigo se destacava segurando as jogadas de velocidade do atacante Marcley. Aos 21 minutos Nem recebeu boa bola, mas tava adiantado e foi marcado impedimento.<\/p>\n<p>O tempo passava e o torcedor do Le\u00e3o ficava cada vez mais impaciente com a apresenta\u00e7\u00e3o ap\u00e1tica em pleno Barrad\u00e3o. Aos 40 minutos o volante Uelinton sentiu a coxa, foi atendido e voltou para o jogo.<\/p>\n<p>Mas a primeira etapa acabou mesmo sem nenhum gol assinalado. O Vit\u00f3ria voltou para o segundo tempo com duas mudan\u00e7as, Edson no lugar de Marcley e J\u00fanior Timb\u00f3 no lugar de Vander.<\/p>\n<p>O Colo-Colo tamb\u00e9m mudou com Jucimar no lugar de Nem e aos 24 minutos o zagueiro Alex fez um gola\u00e7o de fora da \u00e1rea e inaugurou o marcador do Barrad\u00e3o, deixando o torcedor de cabe\u00e7a baixa.<\/p>\n<p>O Vit\u00f3ria continuava tentando, mas o sistema defensivo do Colo-Colo segurava o ataque do rubro negro, que mostrava total desentrosamento. Barbosinha ainda tirou o meia Madson e colocou Hugo na equipe ilheense.<\/p>\n<p><strong>Vit\u00f3ria 0x1 Colo-Colo &#8211; 1\u00aa rodada do Campeonato Baiano 2011<\/p>\n<p>Data: 16\/01\/2011, \u00e0s 16h<\/p>\n<p>Local: Est\u00e1dio Barrad\u00e3o, em Salvador<\/p>\n<p>\u00c1rbitro: Gleidson Santos de Oliveira<\/p>\n<p>Assistentes: Jos\u00e9 Raimundo Dias da Hora e Jucimar dos Santos Dias<\/p>\n<p>Vit\u00f3ria: Vi\u00e1fara; Nino Para\u00edba, Gabriel Paulista, Alan Henrique e Elton; Bida, Uelliton, Vander (J\u00fanior Timb\u00f3)e Elkeson (Filipe); Adailton e Marcley (Edson). T\u00e9cnico Ant\u00f4nio Lopes.<\/p>\n<p>Colo-Colo: Braz; Marcos Baiano, Alex, Rodrigo, e Reivan; Eduardo, Peu, Narciso e Madson (Hugo) e Inho Baiano e Nem. T\u00e9cnico Barbosinha.<\/strong><\/p>\n<p>&#8212;<br \/>\n<a href = \"http:\/\/www.galeriadabola.com\/\" target = \"_news\"><b>Galeria da Bola<\/b><\/a><\/p>\n","protected":false},"excerpt":{"rendered":"<p>Paulo Roberto Argollo Vit\u00f3ria e Colo-Colo se enfrentaram na tarde deste domingo (16) no Est\u00e1dio Manoel Barradas, em Salvador \u00e0s 16:00 horas. Le\u00e3o e Tigre tamb\u00e9m abriram o estadual da Bahia em 2006, quando a equipe ilheense conquistou o t\u00edtulo. O Vit\u00f3ria n\u00e3o come\u00e7ou muito bem deixando o torcedor rubro negro chateado e o Colo-Colo [&hellip;]<\/p>\n","protected":false},"author":2,"featured_media":0,"comment_status":"open","ping_status":"open","sticky":false,"template":"","format":"standard","meta":{"_links_to":"","_links_to_target":""},"categories":[11],"tags":[],"_links":{"self":[{"href":"https:\/\/www.r2cpress.com.br\/v1\/wp-json\/wp\/v2\/posts\/6712"}],"collection":[{"href":"https:\/\/www.r2cpress.com.br\/v1\/wp-json\/wp\/v2\/posts"}],"about":[{"href":"https:\/\/www.r2cpress.com.br\/v1\/wp-json\/wp\/v2\/types\/post"}],"author":[{"embeddable":true,"href":"https:\/\/www.r2cpress.com.br\/v1\/wp-json\/wp\/v2\/users\/2"}],"replies":[{"embeddable":true,"href":"https:\/\/www.r2cpress.com.br\/v1\/wp-json\/wp\/v2\/comments?post=6712"}],"version-history":[{"count":4,"href":"https:\/\/www.r2cpress.com.br\/v1\/wp-json\/wp\/v2\/posts\/6712\/revisions"}],"predecessor-version":[{"id":6727,"href":"https:\/\/www.r2cpress.com.br\/v1\/wp-json\/wp\/v2\/posts\/6712\/revisions\/6727"}],"wp:attachment":[{"href":"https:\/\/www.r2cpress.com.br\/v1\/wp-json\/wp\/v2\/media?parent=6712"}],"wp:term":[{"taxonomy":"category","embeddable":true,"href":"https:\/\/www.r2cpress.com.br\/v1\/wp-json\/wp\/v2\/categories?post=6712"},{"taxonomy":"post_tag","embeddable":true,"href":"https:\/\/www.r2cpress.com.br\/v1\/wp-json\/wp\/v2\/tags?post=6712"}],"curies":[{"name":"wp","href":"https:\/\/api.w.org\/{rel}","templated":true}]}}