{"id":67249,"date":"2013-06-14T10:52:34","date_gmt":"2013-06-14T13:52:34","guid":{"rendered":"http:\/\/www.r2cpress.com.br\/v1\/?p=67249"},"modified":"2013-06-14T10:52:34","modified_gmt":"2013-06-14T13:52:34","slug":"deputada-cobra-audiencia-para-discutir-demarcacoes-de-terras-no-sul-da-bahia","status":"publish","type":"post","link":"https:\/\/www.r2cpress.com.br\/v1\/2013\/06\/14\/deputada-cobra-audiencia-para-discutir-demarcacoes-de-terras-no-sul-da-bahia\/","title":{"rendered":"Deputada cobra audi\u00eancia para discutir demarca\u00e7\u00f5es de terras no Sul da Bahia"},"content":{"rendered":"<p>Diante do clima tenso que se instalou na regi\u00e3o Sul da Bahia com as constantes invas\u00f5es de terras e o conflito entre pequenos produtores rurais e descendentes de \u00edndios Tupinamb\u00e1 que querem a demarca\u00e7\u00e3o, a deputada estadual \u00c2ngela Sousa (PSD) estar\u00e1 apresentando nesta semana um requerimento na Assembleia Legislativa do Estado da Bahia solicitando a realiza\u00e7\u00e3o de uma audi\u00eancia p\u00fablica conjunta com as Comiss\u00f5es de Direitos Humanos e Agricultura, representantes do Governo do Estado, dos agricultores e \u00edndios para tratar do assunto e buscar uma solu\u00e7\u00e3o pac\u00edfica para o impasse. De acordo com a deputada, a Assembleia Legislativa deve ser palco para ampliar o debate sobre a demarca\u00e7\u00e3o de terras ind\u00edgenas e n\u00e3o pode, como representante do povo, ficar \u00e0 margem dessa situa\u00e7\u00e3o, sem buscar uma solu\u00e7\u00e3o para esse grave problema.<br \/>\n <div id=\"attachment_67250\" style=\"width: 510px\" class=\"wp-caption aligncenter\"><a href=\"http:\/\/www.r2cpress.com.br\/v1\/wp-content\/uploads\/Demarca\u00e7\u00e3o_\u00c2NGELA.jpg\"><img aria-describedby=\"caption-attachment-67250\" loading=\"lazy\" src=\"http:\/\/www.r2cpress.com.br\/v1\/wp-content\/uploads\/Demarca\u00e7\u00e3o_\u00c2NGELA.jpg\" alt=\"DEMARCA\u00c7\u00c3O\" width=\"500\" height=\"375\" class=\"size-full wp-image-67250\" srcset=\"https:\/\/www.r2cpress.com.br\/v1\/wp-content\/uploads\/Demarca\u00e7\u00e3o_\u00c2NGELA.jpg 500w, https:\/\/www.r2cpress.com.br\/v1\/wp-content\/uploads\/Demarca\u00e7\u00e3o_\u00c2NGELA-300x225.jpg 300w\" sizes=\"(max-width: 500px) 100vw, 500px\" \/><\/a><p id=\"caption-attachment-67250\" class=\"wp-caption-text\">DEMARCA\u00c7\u00c3O<\/p><\/div><br \/>\n\u00c2ngela Sousa fez quest\u00e3o de ressaltar que n\u00e3o \u00e9 contra a demarca\u00e7\u00e3o e que se os descendentes dos \u00edndios t\u00eam direitos \u00e9 preciso assegurar as suas terras, mas \u00e9 necess\u00e1rio estabelecer crit\u00e9rios de como ocorrer\u00e1 esse processo e o que ser\u00e1 feito com mais de 20 mil fam\u00edlias das regi\u00f5es de Una, Ilh\u00e9us e Buerarema que hoje vivem da agricultura familiar e que podem perder suas propriedades. Al\u00e9m disso, a deputada tamb\u00e9m cobrou uma a\u00e7\u00e3o mais eficaz na seguran\u00e7a dos produtores que tiveram a reintegra\u00e7\u00e3o de posse das \u00e1reas, j\u00e1 que s\u00e3o comuns os casos dos \u00edndios que deixam as terras por for\u00e7a da justi\u00e7a, mas que acabam retornam para as \u00e1reas invadidas ap\u00f3s a sa\u00edda da pol\u00edcia. <\/p>\n<p><!--more--><\/p>\n<p>Somente nos munic\u00edpios de Ilh\u00e9us, Una e Buerarema ser\u00e3o mais de 47 mil hectares de terras que est\u00e3o entre as \u00e1reas a serem demarcadas, passando as propriedades de pequenos produtores, a maioria que vive da agricultura familiar, para descendentes dos \u00edndios Tupinamb\u00e1. O problema, segundo a deputada, \u00e9 que n\u00e3o se definiu esses crit\u00e9rios, as \u00e1reas alvo da demarca\u00e7\u00e3o e muito menos o que ser\u00e1 feito com os pequenos agricultores que hoje vivem nesses locais. E enquanto n\u00e3o se busca uma solu\u00e7\u00e3o, a viol\u00eancia se instalou na regi\u00e3o, com as constantes invas\u00f5es de terras, trazendo o medo e a viol\u00eancia na zona rural. \u201cEssa situa\u00e7\u00e3o n\u00e3o pode continuar\u201d, alerta a deputada.<\/p>\n<p>No \u00faltimo dia 08 de maio \u00c2ngela Sousa, participou de uma audi\u00eancia na Comiss\u00e3o de Agricultura, Pecu\u00e1ria, Abastecimento e Desenvolvimento Rural da C\u00e2mara Federal, em Bras\u00edlia, onde foi discutida sobre a quest\u00e3o da demarca\u00e7\u00e3o de terras ind\u00edgenas em todo o Brasil. A discuss\u00e3o contou com a presen\u00e7a da ministra-chefe da Casa Civil, Gleisi Hoffmann, que se comprometeu a apresentar, at\u00e9 o fim deste semestre, uma defini\u00e7\u00e3o de procedimentos claros para a demarca\u00e7\u00e3o de territ\u00f3rios ind\u00edgenas no Brasil. Acontece que at\u00e9 agora n\u00e3o se apresentou uma solu\u00e7\u00e3o para o impasse e por conta disso as invas\u00f5es continuam nos munic\u00edpios do sul da Bahia, com os conflitos, agress\u00f5es e at\u00e9 mortes. Por esse motivo a deputada estadual \u00c2ngela Sousa est\u00e1 solicitando a audi\u00eancia p\u00fablica na Assembleia Legislativa buscando chamar a aten\u00e7\u00e3o para a gravidade do problema e a busca de solu\u00e7\u00f5es para o impasse.<\/p>\n","protected":false},"excerpt":{"rendered":"<p>Diante do clima tenso que se instalou na regi\u00e3o Sul da Bahia com as constantes invas\u00f5es de terras e o conflito entre pequenos produtores rurais e descendentes de \u00edndios Tupinamb\u00e1 que querem a demarca\u00e7\u00e3o, a deputada estadual \u00c2ngela Sousa (PSD) estar\u00e1 apresentando nesta semana um requerimento na Assembleia Legislativa do Estado da Bahia solicitando a [&hellip;]<\/p>\n","protected":false},"author":2,"featured_media":0,"comment_status":"open","ping_status":"open","sticky":false,"template":"","format":"standard","meta":{"_links_to":"","_links_to_target":""},"categories":[22],"tags":[],"_links":{"self":[{"href":"https:\/\/www.r2cpress.com.br\/v1\/wp-json\/wp\/v2\/posts\/67249"}],"collection":[{"href":"https:\/\/www.r2cpress.com.br\/v1\/wp-json\/wp\/v2\/posts"}],"about":[{"href":"https:\/\/www.r2cpress.com.br\/v1\/wp-json\/wp\/v2\/types\/post"}],"author":[{"embeddable":true,"href":"https:\/\/www.r2cpress.com.br\/v1\/wp-json\/wp\/v2\/users\/2"}],"replies":[{"embeddable":true,"href":"https:\/\/www.r2cpress.com.br\/v1\/wp-json\/wp\/v2\/comments?post=67249"}],"version-history":[{"count":2,"href":"https:\/\/www.r2cpress.com.br\/v1\/wp-json\/wp\/v2\/posts\/67249\/revisions"}],"predecessor-version":[{"id":67252,"href":"https:\/\/www.r2cpress.com.br\/v1\/wp-json\/wp\/v2\/posts\/67249\/revisions\/67252"}],"wp:attachment":[{"href":"https:\/\/www.r2cpress.com.br\/v1\/wp-json\/wp\/v2\/media?parent=67249"}],"wp:term":[{"taxonomy":"category","embeddable":true,"href":"https:\/\/www.r2cpress.com.br\/v1\/wp-json\/wp\/v2\/categories?post=67249"},{"taxonomy":"post_tag","embeddable":true,"href":"https:\/\/www.r2cpress.com.br\/v1\/wp-json\/wp\/v2\/tags?post=67249"}],"curies":[{"name":"wp","href":"https:\/\/api.w.org\/{rel}","templated":true}]}}