{"id":67260,"date":"2013-06-14T11:34:16","date_gmt":"2013-06-14T14:34:16","guid":{"rendered":"http:\/\/www.r2cpress.com.br\/v1\/?p=67260"},"modified":"2013-06-14T11:34:16","modified_gmt":"2013-06-14T14:34:16","slug":"jorge-solla-lanca-mutirao-de-rastreamento-do-cancer-de-mama-em-ilheus","status":"publish","type":"post","link":"https:\/\/www.r2cpress.com.br\/v1\/2013\/06\/14\/jorge-solla-lanca-mutirao-de-rastreamento-do-cancer-de-mama-em-ilheus\/","title":{"rendered":"Jorge Solla lan\u00e7a Mutir\u00e3o de Rastreamento do C\u00e2ncer de Mama em Ilh\u00e9us"},"content":{"rendered":"<p>O secret\u00e1rio de Sa\u00fade da Bahia, Jorge Solla, e o prefeito de Ilh\u00e9us, Jabes Ribeiro, far\u00e3o, neste s\u00e1bado, 15 de junho, o lan\u00e7amento do Mutir\u00e3o de Rastreamento do C\u00e2ncer de Mama na Bahia, que contar\u00e1 com a participa\u00e7\u00e3o de duas equipes de Salvador especializadas no tratamento da doen\u00e7a. O in\u00edcio da a\u00e7\u00e3o ser\u00e1 \u00e0s 8 horas, no Centro de Aten\u00e7\u00e3o Especializada (CAEIII) &#8211; antigo SESP, localizado na Avenida Canavieiras, centro da cidade.<\/p>\n<p>O mutir\u00e3o vai ocorrer durante todo o dia. A outra equipe de especialistas far\u00e1 o atendimento no Bairro Nossa Senhora da Vit\u00f3ria, em frente ao Posto de Sa\u00fade da Fam\u00edlia (PSF). As consultas s\u00e3o priorit\u00e1rias para mulheres na faixa et\u00e1ria entre 50 e 69 anos, per\u00edodo em que se constata maior incid\u00eancia do c\u00e2ncer de mama. Para o atendimento, \u00e9 necess\u00e1rio apresentar a carteira de identidade e o cart\u00e3o do Sistema \u00danico de Sa\u00fade (Cart\u00e3o SUS).<\/p>\n<p>Cerca de 280 mulheres ser\u00e3o atendidas durante o mutir\u00e3o de rastreamento do c\u00e2ncer de mama. Na oportunidade, poder\u00e3o ser realizados exames cl\u00ednicos e de mamografia. Depois de Ilh\u00e9us, o mutir\u00e3o vai acontecer em outras cidades do Estado, como explicar\u00e1 o secret\u00e1rio de Sa\u00fade, Jorge Solla, que conceder\u00e1 entrevista \u00e0 imprensa.<\/p>\n<p>&#8212;<br \/>\nSecretaria de Comunica\u00e7\u00e3o Social (Secom)<br \/>\nIlh\u00e9us \u2013 14.06.2013<\/p>\n","protected":false},"excerpt":{"rendered":"<p>O secret\u00e1rio de Sa\u00fade da Bahia, Jorge Solla, e o prefeito de Ilh\u00e9us, Jabes Ribeiro, far\u00e3o, neste s\u00e1bado, 15 de junho, o lan\u00e7amento do Mutir\u00e3o de Rastreamento do C\u00e2ncer de Mama na Bahia, que contar\u00e1 com a participa\u00e7\u00e3o de duas equipes de Salvador especializadas no tratamento da doen\u00e7a. O in\u00edcio da a\u00e7\u00e3o ser\u00e1 \u00e0s 8 [&hellip;]<\/p>\n","protected":false},"author":2,"featured_media":0,"comment_status":"open","ping_status":"open","sticky":false,"template":"","format":"standard","meta":{"_links_to":"","_links_to_target":""},"categories":[23],"tags":[],"_links":{"self":[{"href":"https:\/\/www.r2cpress.com.br\/v1\/wp-json\/wp\/v2\/posts\/67260"}],"collection":[{"href":"https:\/\/www.r2cpress.com.br\/v1\/wp-json\/wp\/v2\/posts"}],"about":[{"href":"https:\/\/www.r2cpress.com.br\/v1\/wp-json\/wp\/v2\/types\/post"}],"author":[{"embeddable":true,"href":"https:\/\/www.r2cpress.com.br\/v1\/wp-json\/wp\/v2\/users\/2"}],"replies":[{"embeddable":true,"href":"https:\/\/www.r2cpress.com.br\/v1\/wp-json\/wp\/v2\/comments?post=67260"}],"version-history":[{"count":2,"href":"https:\/\/www.r2cpress.com.br\/v1\/wp-json\/wp\/v2\/posts\/67260\/revisions"}],"predecessor-version":[{"id":67262,"href":"https:\/\/www.r2cpress.com.br\/v1\/wp-json\/wp\/v2\/posts\/67260\/revisions\/67262"}],"wp:attachment":[{"href":"https:\/\/www.r2cpress.com.br\/v1\/wp-json\/wp\/v2\/media?parent=67260"}],"wp:term":[{"taxonomy":"category","embeddable":true,"href":"https:\/\/www.r2cpress.com.br\/v1\/wp-json\/wp\/v2\/categories?post=67260"},{"taxonomy":"post_tag","embeddable":true,"href":"https:\/\/www.r2cpress.com.br\/v1\/wp-json\/wp\/v2\/tags?post=67260"}],"curies":[{"name":"wp","href":"https:\/\/api.w.org\/{rel}","templated":true}]}}