{"id":67266,"date":"2013-06-14T11:58:35","date_gmt":"2013-06-14T14:58:35","guid":{"rendered":"http:\/\/www.r2cpress.com.br\/v1\/?p=67266"},"modified":"2013-06-14T11:58:35","modified_gmt":"2013-06-14T14:58:35","slug":"autorizada-licitacao-para-construcao-do-novo-aeroporto-de-conquista","status":"publish","type":"post","link":"https:\/\/www.r2cpress.com.br\/v1\/2013\/06\/14\/autorizada-licitacao-para-construcao-do-novo-aeroporto-de-conquista\/","title":{"rendered":"Autorizada licita\u00e7\u00e3o para constru\u00e7\u00e3o do novo aeroporto de Conquista"},"content":{"rendered":"<p>O governador Jaques Wagner autorizou, na manh\u00e3 desta sexta-feira (14), em Vit\u00f3ria da Conquista, a licita\u00e7\u00e3o para constru\u00e7\u00e3o do novo aeroporto no munic\u00edpio. O investimento \u00e9 de R$ 60,3 milh\u00f5es e o local ter\u00e1 capacidade para receber avi\u00f5es de grande porte.<br \/>\n<div id=\"attachment_67267\" style=\"width: 510px\" class=\"wp-caption aligncenter\"><a href=\"http:\/\/www.r2cpress.com.br\/v1\/wp-content\/uploads\/conquista.jpg\"><img aria-describedby=\"caption-attachment-67267\" loading=\"lazy\" src=\"http:\/\/www.r2cpress.com.br\/v1\/wp-content\/uploads\/conquista.jpg\" alt=\"Inaugura\u00e7\u00e3o do sistema de esgotamento sanit\u00e1rio de Conquista. Foto Manu Dias-GOVBA.\" width=\"500\" height=\"333\" class=\"size-full wp-image-67267\" srcset=\"https:\/\/www.r2cpress.com.br\/v1\/wp-content\/uploads\/conquista.jpg 500w, https:\/\/www.r2cpress.com.br\/v1\/wp-content\/uploads\/conquista-300x199.jpg 300w\" sizes=\"(max-width: 500px) 100vw, 500px\" \/><\/a><p id=\"caption-attachment-67267\" class=\"wp-caption-text\">Inaugura\u00e7\u00e3o do sistema de esgotamento sanit\u00e1rio de Conquista. Foto Manu Dias-GOVBA.<\/p><\/div><br \/>\nTamb\u00e9m no munic\u00edpio, foi inaugurada a primeira etapa do sistema de esgotamento sanit\u00e1rio, com previs\u00e3o de amplia\u00e7\u00e3o em 100%. O governo estadual investiu R$ 115 milh\u00f5es na constru\u00e7\u00e3o dessa etapa que j\u00e1 beneficia 274 mil moradores do munic\u00edpio, o que significa um aumento de cobertura em 85%.<\/p>\n<p>Ainda em Vit\u00f3ria da Conquista, foi assinada a ordem de servi\u00e7o para constru\u00e7\u00e3o de uma adutora emergencial e da Barragem do Rio Catol\u00e9, que vai atender \u00e0s sedes de Vit\u00f3ria da Conquista, Belo Campo, Tremedal e diversos povoados.<\/p>\n<p>Al\u00e9m da infraestrutura, outra \u00e1rea atendida pelo Estado no munic\u00edpio foi a de educa\u00e7\u00e3o, com a inaugura\u00e7\u00e3o do Col\u00e9gio de Educa\u00e7\u00e3o Integral Camilo de Jesus Lima, no distrito de Kadija, que tem capacidade para 960 estudantes do ensino fundamental e m\u00e9dio.<\/p>\n<p>&#8230;<br \/>\nSecom  &#8211; Secretaria de Comunica\u00e7\u00e3o Social &#8211; Governo da Bahia<\/p>\n","protected":false},"excerpt":{"rendered":"<p>O governador Jaques Wagner autorizou, na manh\u00e3 desta sexta-feira (14), em Vit\u00f3ria da Conquista, a licita\u00e7\u00e3o para constru\u00e7\u00e3o do novo aeroporto no munic\u00edpio. O investimento \u00e9 de R$ 60,3 milh\u00f5es e o local ter\u00e1 capacidade para receber avi\u00f5es de grande porte. Tamb\u00e9m no munic\u00edpio, foi inaugurada a primeira etapa do sistema de esgotamento sanit\u00e1rio, com [&hellip;]<\/p>\n","protected":false},"author":2,"featured_media":0,"comment_status":"open","ping_status":"open","sticky":false,"template":"","format":"standard","meta":{"_links_to":"","_links_to_target":""},"categories":[29],"tags":[],"_links":{"self":[{"href":"https:\/\/www.r2cpress.com.br\/v1\/wp-json\/wp\/v2\/posts\/67266"}],"collection":[{"href":"https:\/\/www.r2cpress.com.br\/v1\/wp-json\/wp\/v2\/posts"}],"about":[{"href":"https:\/\/www.r2cpress.com.br\/v1\/wp-json\/wp\/v2\/types\/post"}],"author":[{"embeddable":true,"href":"https:\/\/www.r2cpress.com.br\/v1\/wp-json\/wp\/v2\/users\/2"}],"replies":[{"embeddable":true,"href":"https:\/\/www.r2cpress.com.br\/v1\/wp-json\/wp\/v2\/comments?post=67266"}],"version-history":[{"count":2,"href":"https:\/\/www.r2cpress.com.br\/v1\/wp-json\/wp\/v2\/posts\/67266\/revisions"}],"predecessor-version":[{"id":67269,"href":"https:\/\/www.r2cpress.com.br\/v1\/wp-json\/wp\/v2\/posts\/67266\/revisions\/67269"}],"wp:attachment":[{"href":"https:\/\/www.r2cpress.com.br\/v1\/wp-json\/wp\/v2\/media?parent=67266"}],"wp:term":[{"taxonomy":"category","embeddable":true,"href":"https:\/\/www.r2cpress.com.br\/v1\/wp-json\/wp\/v2\/categories?post=67266"},{"taxonomy":"post_tag","embeddable":true,"href":"https:\/\/www.r2cpress.com.br\/v1\/wp-json\/wp\/v2\/tags?post=67266"}],"curies":[{"name":"wp","href":"https:\/\/api.w.org\/{rel}","templated":true}]}}