{"id":6737,"date":"2011-01-17T10:31:25","date_gmt":"2011-01-17T13:31:25","guid":{"rendered":"http:\/\/www.r2cpress.com.br\/v1\/?p=6737"},"modified":"2011-01-17T10:31:25","modified_gmt":"2011-01-17T13:31:25","slug":"batuba-em-olivenca","status":"publish","type":"post","link":"https:\/\/www.r2cpress.com.br\/v1\/2011\/01\/17\/batuba-em-olivenca\/","title":{"rendered":"Batuba em Oliven\u00e7a"},"content":{"rendered":"<p>De: ANA PAULA SILVA FREITAS <anasilvafreitas01 @hotmail.com><br \/>\nAssunto: <strong>Batuba em Oliven\u00e7a<\/strong><\/p>\n<p>Corpo da mensagem:<br \/>\nRabat<\/p>\n<p>Ontem fiquei arrasada quando fui com um grupo de pessoas que estavam visitando a nossa cidade ao batuba, chegando l\u00e1 fui informada que tinhamos que pagar R$ 2,50 por pessoa taxa de conserva\u00e7\u00e3o e couvert artistico n\u00e3o tinha nenhum conjunto tocando, s\u00f3 um  som mecanico e perguntei se ficassemos na parte da areia da praia que n\u00e3o importava tinha que pagar assim mesmo.Quer dizer que os pobres coitados n\u00e3o podem nem  usar a areia da praia. Eles cobram  mais 10% de taxa de servi\u00e7o. Isso \u00e9 um absurdo. Gostaria  algum leitor que entenda possa esclarecer se isso \u00e9 legal.<\/p>\n<p>&#8212;<br \/>\nEsta mensagem foi enviada atrav\u00e9s do formul\u00e1rio de contato do site R2CPRESS | A Letra Fria da Verdade http:\/\/www.r2cpress.com.br\/v1<\/anasilvafreitas01><\/p>\n","protected":false},"excerpt":{"rendered":"<p>De: ANA PAULA SILVA FREITAS Assunto: Batuba em Oliven\u00e7a Corpo da mensagem: Rabat Ontem fiquei arrasada quando fui com um grupo de pessoas que estavam visitando a nossa cidade ao batuba, chegando l\u00e1 fui informada que tinhamos que pagar R$ 2,50 por pessoa taxa de conserva\u00e7\u00e3o e couvert artistico n\u00e3o tinha nenhum conjunto tocando, s\u00f3 [&hellip;]<\/p>\n","protected":false},"author":2,"featured_media":0,"comment_status":"open","ping_status":"open","sticky":false,"template":"","format":"standard","meta":{"_links_to":"","_links_to_target":""},"categories":[10],"tags":[],"_links":{"self":[{"href":"https:\/\/www.r2cpress.com.br\/v1\/wp-json\/wp\/v2\/posts\/6737"}],"collection":[{"href":"https:\/\/www.r2cpress.com.br\/v1\/wp-json\/wp\/v2\/posts"}],"about":[{"href":"https:\/\/www.r2cpress.com.br\/v1\/wp-json\/wp\/v2\/types\/post"}],"author":[{"embeddable":true,"href":"https:\/\/www.r2cpress.com.br\/v1\/wp-json\/wp\/v2\/users\/2"}],"replies":[{"embeddable":true,"href":"https:\/\/www.r2cpress.com.br\/v1\/wp-json\/wp\/v2\/comments?post=6737"}],"version-history":[{"count":2,"href":"https:\/\/www.r2cpress.com.br\/v1\/wp-json\/wp\/v2\/posts\/6737\/revisions"}],"predecessor-version":[{"id":6739,"href":"https:\/\/www.r2cpress.com.br\/v1\/wp-json\/wp\/v2\/posts\/6737\/revisions\/6739"}],"wp:attachment":[{"href":"https:\/\/www.r2cpress.com.br\/v1\/wp-json\/wp\/v2\/media?parent=6737"}],"wp:term":[{"taxonomy":"category","embeddable":true,"href":"https:\/\/www.r2cpress.com.br\/v1\/wp-json\/wp\/v2\/categories?post=6737"},{"taxonomy":"post_tag","embeddable":true,"href":"https:\/\/www.r2cpress.com.br\/v1\/wp-json\/wp\/v2\/tags?post=6737"}],"curies":[{"name":"wp","href":"https:\/\/api.w.org\/{rel}","templated":true}]}}