{"id":67395,"date":"2013-06-17T09:20:53","date_gmt":"2013-06-17T12:20:53","guid":{"rendered":"http:\/\/www.r2cpress.com.br\/v1\/?p=67395"},"modified":"2013-06-17T09:20:53","modified_gmt":"2013-06-17T12:20:53","slug":"gente-nossa-brilhando-6","status":"publish","type":"post","link":"https:\/\/www.r2cpress.com.br\/v1\/2013\/06\/17\/gente-nossa-brilhando-6\/","title":{"rendered":"GENTE NOSSA BRILHANDO"},"content":{"rendered":"<h2 style=\"text-align: center;\"><strong>Ilheense integrar\u00e1 Comit\u00ea da ONU<\/strong><\/h2>\n<div id=\"attachment_67396\" style=\"width: 278px\" class=\"wp-caption aligncenter\"><a href=\"http:\/\/www.r2cpress.com.br\/v1\/wp-content\/uploads\/neto_stf.jpg\"><img aria-describedby=\"caption-attachment-67396\" loading=\"lazy\" class=\"size-full wp-image-67396\" alt=\"Manoel Carlos de Almeida Neto \" src=\"http:\/\/www.r2cpress.com.br\/v1\/wp-content\/uploads\/neto_stf.jpg\" width=\"268\" height=\"188\" \/><\/a><p id=\"caption-attachment-67396\" class=\"wp-caption-text\">Manoel Carlos de Almeida Neto<\/p><\/div>\n<p>O ilheense Manoel Carlos de Almeida Neto foi indicado para a Secretaria Executiva do comit\u00ea da Organiza\u00e7\u00e3o das Na\u00e7\u00f5es Unidas (ONU), a ser instalado em outubro, cuja miss\u00e3o ser\u00e1 monitorar e apontar solu\u00e7\u00f5es para a viol\u00eancia urbana na Am\u00e9rica Latina. O presidente do comit\u00ea ser\u00e1 o vice-presidente do Supremo Tribunal Federal (STF), Ricardo Lewandowski, e a secret\u00e1ria-geral, Eliana Calmon, ministra do Superior Tribunal de Justi\u00e7a (STJ).<\/p>\n<p>O Comit\u00ea Permanente da Am\u00e9rica Latina para a Preven\u00e7\u00e3o do Crime, do Instituto Latino Americano das Na\u00e7\u00f5es Unidas para a Preven\u00e7\u00e3o do Crime e Tratamento do Delinquente (Ilanud), ser\u00e1 oficialmente instalado em assembl\u00e9ia geral no Rio de Janeiro, em outubro. Os integrantes do grupo come\u00e7aram a ser indicados no fim do m\u00eas passado. O comit\u00ea ter\u00e1 representantes de 19 pa\u00edses (Brasil, M\u00e9xico, Argentina, Costa Rica, Chile, Panam\u00e1, Paraguai, Rep\u00fablica Dominicana, El Salvador, Peru, Uruguai, Bol\u00edvia, Equador, Honduras, Guatemala, Venezuela, Col\u00f4mbia, Cuba e Nicar\u00e1gua).<\/p>\n<p>A ministra Eliana Calmon disse ao G1 que um dos objetivos do comit\u00ea ser\u00e1 estudar conflitos ligados a pol\u00edticas e \u00e0 reivindica\u00e7\u00e3o da cidadania, como os protestos realizados em S\u00e3o Paulo e Rio de Janeiro contra tarifas de transporte. Nessas cidades, atos levaram a pris\u00f5es e deixaram diversos feridos. Al\u00e9m de Lewandowski e Eliana Calmon, integrar\u00e1 o comit\u00ea, como vice-presidente, o juiz da Corte Suprema da Argentina Eugenio Ra\u00fal Zaffaroni, um dos principais juristas daquele pa\u00eds. Tamb\u00e9m far\u00e3o parte da equipe os professores de direito Manoel Carlos de Almeida Neto, da Universidade de S\u00e3o Paulo (USP), que ser\u00e1 o secret\u00e1rio-executivo, e Edmundo Oliveira, da Universidade Federal do Par\u00e1, coordenador dos trabalhos.<\/p>\n<p><!--more--><\/p>\n<p>&#8220;Verificamos que est\u00e1 havendo nas cidades uma desordem muito grande e isso come\u00e7a a preocupar. \u00c9 um problema mundial e inclui conflitos ligados a pol\u00edticas, como a reivindica\u00e7\u00e3o da cidadania. Isso tem acontecido em v\u00e1rios pa\u00edses. O comit\u00ea procura estudar a origem dessa viol\u00eancia, mas n\u00e3o somente a criada por quest\u00f5es pol\u00edticas, como tamb\u00e9m a ensejada por pol\u00edticas sociais que n\u00e3o s\u00e3o eficazes. Roubo, furto, latroc\u00ednio, estupro. Qual a origem disso? O mapeamento \u00e9 importante para apresentarmos uma solu\u00e7\u00e3o&#8221;, afirmou Eliana Calmon.<\/p>\n<p>O comit\u00ea ter\u00e1 cinco miss\u00f5es espec\u00edficas: mapear o impacto do crime praticado de modo solit\u00e1rio, isolado ou associado a grupos criminosos; recomendar apoio financeiro a pr\u00e1ticas de preven\u00e7\u00e3o de crimes, como combate \u00e0 corrup\u00e7\u00e3o e ao tr\u00e1fico de drogas e de pessoas; avaliar o baixo \u00edndice de confian\u00e7a da popula\u00e7\u00e3o na pol\u00edcia; colaborar com projeto de cria\u00e7\u00e3o da Universidade Mundial de Seguran\u00e7a e Desenvolvimento Social da ONU; e preparar um relat\u00f3rio geral.<\/p>\n<p>O relat\u00f3rio integrar\u00e1 o &#8220;Plano Global das Metas de Desenvolvimento Sustent\u00e1vel do Mil\u00eanio &#8211; O Futuro que Queremos&#8221;, a ser feito pela Secretaria Geral da ONU, que trar\u00e1 ainda solu\u00e7\u00f5es para mis\u00e9ria, fome, analfabetismo, discrimina\u00e7\u00e3o, doen\u00e7as, inseguran\u00e7a e degrada\u00e7\u00e3o ambiental. O documento deve ser apresentado no 13\u00ba Congresso das Na\u00e7\u00f5es Unidas sobre Preven\u00e7\u00e3o ao Crime e Justi\u00e7a Criminal, em abril de 2015 em Doha (Qatar).<\/p>\n","protected":false},"excerpt":{"rendered":"<p>Ilheense integrar\u00e1 Comit\u00ea da ONU O ilheense Manoel Carlos de Almeida Neto foi indicado para a Secretaria Executiva do comit\u00ea da Organiza\u00e7\u00e3o das Na\u00e7\u00f5es Unidas (ONU), a ser instalado em outubro, cuja miss\u00e3o ser\u00e1 monitorar e apontar solu\u00e7\u00f5es para a viol\u00eancia urbana na Am\u00e9rica Latina. O presidente do comit\u00ea ser\u00e1 o vice-presidente do Supremo Tribunal [&hellip;]<\/p>\n","protected":false},"author":2,"featured_media":0,"comment_status":"open","ping_status":"open","sticky":false,"template":"","format":"standard","meta":{"_links_to":"","_links_to_target":""},"categories":[18],"tags":[],"_links":{"self":[{"href":"https:\/\/www.r2cpress.com.br\/v1\/wp-json\/wp\/v2\/posts\/67395"}],"collection":[{"href":"https:\/\/www.r2cpress.com.br\/v1\/wp-json\/wp\/v2\/posts"}],"about":[{"href":"https:\/\/www.r2cpress.com.br\/v1\/wp-json\/wp\/v2\/types\/post"}],"author":[{"embeddable":true,"href":"https:\/\/www.r2cpress.com.br\/v1\/wp-json\/wp\/v2\/users\/2"}],"replies":[{"embeddable":true,"href":"https:\/\/www.r2cpress.com.br\/v1\/wp-json\/wp\/v2\/comments?post=67395"}],"version-history":[{"count":3,"href":"https:\/\/www.r2cpress.com.br\/v1\/wp-json\/wp\/v2\/posts\/67395\/revisions"}],"predecessor-version":[{"id":67399,"href":"https:\/\/www.r2cpress.com.br\/v1\/wp-json\/wp\/v2\/posts\/67395\/revisions\/67399"}],"wp:attachment":[{"href":"https:\/\/www.r2cpress.com.br\/v1\/wp-json\/wp\/v2\/media?parent=67395"}],"wp:term":[{"taxonomy":"category","embeddable":true,"href":"https:\/\/www.r2cpress.com.br\/v1\/wp-json\/wp\/v2\/categories?post=67395"},{"taxonomy":"post_tag","embeddable":true,"href":"https:\/\/www.r2cpress.com.br\/v1\/wp-json\/wp\/v2\/tags?post=67395"}],"curies":[{"name":"wp","href":"https:\/\/api.w.org\/{rel}","templated":true}]}}