{"id":67414,"date":"2013-06-17T10:38:27","date_gmt":"2013-06-17T13:38:27","guid":{"rendered":"http:\/\/www.r2cpress.com.br\/v1\/?p=67414"},"modified":"2013-06-17T10:38:27","modified_gmt":"2013-06-17T13:38:27","slug":"prefeito-de-ilheus-defende-articulacao-politica-para-fortalecimento-da-cacauicultura","status":"publish","type":"post","link":"https:\/\/www.r2cpress.com.br\/v1\/2013\/06\/17\/prefeito-de-ilheus-defende-articulacao-politica-para-fortalecimento-da-cacauicultura\/","title":{"rendered":"Prefeito de Ilh\u00e9us defende articula\u00e7\u00e3o pol\u00edtica para fortalecimento da cacauicultura"},"content":{"rendered":"<p>O prefeito de Ilh\u00e9us, Jabes Ribeiro, destacou a import\u00e2ncia de uma maior articula\u00e7\u00e3o pol\u00edtica para a tomada de medidas de prote\u00e7\u00e3o e regulamenta\u00e7\u00e3o do cultivo do cacau, especialmente no Sul da Bahia, local de maior produ\u00e7\u00e3o. \u201cA regi\u00e3o sofre uma realidade dr\u00e1stica por conta da desarticula\u00e7\u00e3o pol\u00edtica do Sul da Bahia\u201d, observou o prefeito, durante a solenidade de comemora\u00e7\u00e3o pelo Dia Internacional do Cacau, na manh\u00e3 do domingo, 16, no Centro de Pesquisas da Comiss\u00e3o Executiva do Plano da Lavoura Cacaueira (Ceplac). \u201cCaf\u00e9, cana, sisal s\u00e3o exemplos de produtos agr\u00edcolas que j\u00e1 t\u00eam pre\u00e7o m\u00ednimo, e n\u00f3s ainda estamos lutando por isso.\u201d<br \/>\n<div id=\"attachment_67415\" style=\"width: 560px\" class=\"wp-caption aligncenter\"><a href=\"http:\/\/www.r2cpress.com.br\/v1\/wp-content\/uploads\/Prefeito-Jabes-Ribeiro-participa-da-solenidade-em-homenagem-ao-Dia-Internacional-do-Cacau-Foto-Alfredo-Filho-37.jpg\"><img aria-describedby=\"caption-attachment-67415\" loading=\"lazy\" src=\"http:\/\/www.r2cpress.com.br\/v1\/wp-content\/uploads\/Prefeito-Jabes-Ribeiro-participa-da-solenidade-em-homenagem-ao-Dia-Internacional-do-Cacau-Foto-Alfredo-Filho-37.jpg\" alt=\"Prefeito Jabes Ribeiro participa da solenidade em homenagem ao Dia Internacional do Cacau - Foto Alfredo Filho.\" width=\"550\" height=\"367\" class=\"size-full wp-image-67415\" srcset=\"https:\/\/www.r2cpress.com.br\/v1\/wp-content\/uploads\/Prefeito-Jabes-Ribeiro-participa-da-solenidade-em-homenagem-ao-Dia-Internacional-do-Cacau-Foto-Alfredo-Filho-37.jpg 550w, https:\/\/www.r2cpress.com.br\/v1\/wp-content\/uploads\/Prefeito-Jabes-Ribeiro-participa-da-solenidade-em-homenagem-ao-Dia-Internacional-do-Cacau-Foto-Alfredo-Filho-37-300x200.jpg 300w\" sizes=\"(max-width: 550px) 100vw, 550px\" \/><\/a><p id=\"caption-attachment-67415\" class=\"wp-caption-text\">Prefeito Jabes Ribeiro participa da solenidade em homenagem ao Dia Internacional do Cacau &#8211; Foto Alfredo Filho.<\/p><\/div><br \/>\nJabes Ribeiro tamb\u00e9m defendeu a elabora\u00e7\u00e3o de um novo pacto federativo para melhor distribui\u00e7\u00e3o de recursos entre a Uni\u00e3o, Estados e Munic\u00edpios. \u201cAs demandas crescem a todo instante e cada vez mais os munic\u00edpios perdem a capacidade de atender \u00e0s quest\u00f5es da sa\u00fade, educa\u00e7\u00e3o, e todas as necessidades da popula\u00e7\u00e3o. Ou repensamos o pacto federativo ou, certamente, vamos chegar a um ponto cr\u00edtico da administra\u00e7\u00e3o p\u00fablica\u201d, considerou o prefeito.<\/p>\n<p><!--more--><\/p>\n<p>Participaram da mesa de abertura do evento, o diretor geral da Ceplac, Elito Jos\u00e9 da Rocha, e os superintendentes regionais do \u00f3rg\u00e3o nos estados da Bahia, Juvenal Mainard, e do Esp\u00edrito Santo, Francisco Neto. Tamb\u00e9m compuseram a mesa, o secret\u00e1rio de Agricultura da Bahia, Eduardo Sales, o diretor executivo da Companhia de Desenvolvimento e A\u00e7\u00e3o Regional (CAR), Vivaldo Mendon\u00e7a, o presidente da Federa\u00e7\u00e3o de Agricultura do Estado da Bahia (Faeb), Guilherme Moura, o representante das organiza\u00e7\u00f5es da agricultura familiar, Erivaldo Alves de Souza, al\u00e9m dos deputados federais e estaduais Geraldo Sim\u00f5es, Josias Gomes, Gilberto Santana e  Rosemberg Pinto.<\/p>\n<p>Com o tema \u2018Consolidando a Autossufici\u00eancia com sustentabilidade\u2019, o evento teve como objetivo principal divulgar e debater as a\u00e7\u00f5es da Ceplac para a prosperidade da regi\u00e3o do cacau. Durante a manh\u00e3 do domingo, foram discutidos aspectos como as quest\u00f5es legais e institucionais referentes ao fortalecimento da cultura do cacau cabruca. O secret\u00e1rio de Agricultura da Bahia defendeu o manejo sustent\u00e1vel para a promo\u00e7\u00e3o do desenvolvimento econ\u00f4mico da cacauicultura e a import\u00e2ncia de Ilh\u00e9us para o cultivo do fruto, ressaltando a capacidade administrativa do atual prefeito. \u201cAcredito que o prefeito Jabes Ribeiro vai conseguir solu\u00e7\u00f5es para o sistema critico em que encontrou o munic\u00edpio e nos pr\u00f3ximos anos, Ilh\u00e9us ter\u00e1 nova din\u00e2mica e nova conjuntura urbana, social e econ\u00f4mica\u201d, observou.<\/p>\n<p>Outros temas pontuados na comemora\u00e7\u00e3o do Dia Internacional do Cacau, em Ilh\u00e9us, foram a implanta\u00e7\u00e3o de crit\u00e9rios sanit\u00e1rios, de al\u00edquotas e de quantidade para a importa\u00e7\u00e3o da am\u00eandoa e a inser\u00e7\u00e3o do cultivo do cacau na pol\u00edtica agr\u00edcola do pa\u00eds. Participaram do evento prefeitos, secret\u00e1rios e vereadores dos munic\u00edpios sul baianos, pesquisadores, produtores de cacau e membros das organiza\u00e7\u00f5es da agricultura familiar.<\/p>\n<p>&#8212;<br \/>\nSecretaria de Comunica\u00e7\u00e3o Social (Secom)<br \/>\nIlh\u00e9us \u2013 17.06.2013<\/p>\n","protected":false},"excerpt":{"rendered":"<p>O prefeito de Ilh\u00e9us, Jabes Ribeiro, destacou a import\u00e2ncia de uma maior articula\u00e7\u00e3o pol\u00edtica para a tomada de medidas de prote\u00e7\u00e3o e regulamenta\u00e7\u00e3o do cultivo do cacau, especialmente no Sul da Bahia, local de maior produ\u00e7\u00e3o. \u201cA regi\u00e3o sofre uma realidade dr\u00e1stica por conta da desarticula\u00e7\u00e3o pol\u00edtica do Sul da Bahia\u201d, observou o prefeito, durante [&hellip;]<\/p>\n","protected":false},"author":2,"featured_media":0,"comment_status":"open","ping_status":"open","sticky":false,"template":"","format":"standard","meta":{"_links_to":"","_links_to_target":""},"categories":[23],"tags":[],"_links":{"self":[{"href":"https:\/\/www.r2cpress.com.br\/v1\/wp-json\/wp\/v2\/posts\/67414"}],"collection":[{"href":"https:\/\/www.r2cpress.com.br\/v1\/wp-json\/wp\/v2\/posts"}],"about":[{"href":"https:\/\/www.r2cpress.com.br\/v1\/wp-json\/wp\/v2\/types\/post"}],"author":[{"embeddable":true,"href":"https:\/\/www.r2cpress.com.br\/v1\/wp-json\/wp\/v2\/users\/2"}],"replies":[{"embeddable":true,"href":"https:\/\/www.r2cpress.com.br\/v1\/wp-json\/wp\/v2\/comments?post=67414"}],"version-history":[{"count":2,"href":"https:\/\/www.r2cpress.com.br\/v1\/wp-json\/wp\/v2\/posts\/67414\/revisions"}],"predecessor-version":[{"id":67417,"href":"https:\/\/www.r2cpress.com.br\/v1\/wp-json\/wp\/v2\/posts\/67414\/revisions\/67417"}],"wp:attachment":[{"href":"https:\/\/www.r2cpress.com.br\/v1\/wp-json\/wp\/v2\/media?parent=67414"}],"wp:term":[{"taxonomy":"category","embeddable":true,"href":"https:\/\/www.r2cpress.com.br\/v1\/wp-json\/wp\/v2\/categories?post=67414"},{"taxonomy":"post_tag","embeddable":true,"href":"https:\/\/www.r2cpress.com.br\/v1\/wp-json\/wp\/v2\/tags?post=67414"}],"curies":[{"name":"wp","href":"https:\/\/api.w.org\/{rel}","templated":true}]}}