{"id":67422,"date":"2013-06-17T12:09:31","date_gmt":"2013-06-17T15:09:31","guid":{"rendered":"http:\/\/www.r2cpress.com.br\/v1\/?p=67422"},"modified":"2013-06-17T12:09:31","modified_gmt":"2013-06-17T15:09:31","slug":"rastreamento-contra-cancer-de-mama-colabora-com-o-equilibrio-emocional-das-ilheenses","status":"publish","type":"post","link":"https:\/\/www.r2cpress.com.br\/v1\/2013\/06\/17\/rastreamento-contra-cancer-de-mama-colabora-com-o-equilibrio-emocional-das-ilheenses\/","title":{"rendered":"Rastreamento contra c\u00e2ncer de mama colabora com o equil\u00edbrio emocional das ilheenses"},"content":{"rendered":"<p>Segundo o estudo elaborado pelo World Breast Cancer Report, ser\u00e3o diagnosticadas, neste ano de 2013, pelo menos 60 mil mulheres com c\u00e2ncer de mama, em todo o mundo, n\u00famero maior que no ano passado. Al\u00e9m das altera\u00e7\u00f5es no organismo, a doen\u00e7a tamb\u00e9m interfere no estado psicol\u00f3gico das mulheres, que muitas vezes, perdem a autoestima e a feminilidade. Por isso, as ilheenses entendem a import\u00e2ncia da preven\u00e7\u00e3o. \u201cFa\u00e7o sempre o exame preventivo e vim hoje, logo cedo, aproveitando a a\u00e7\u00e3o publica, para fazer novo diagn\u00f3stico\u201d, destacou a aposentada Georgina Santos Machado, 66, anos, na manh\u00e3 do s\u00e1bado, 15, durante o lan\u00e7amento do Rastreamento Contra o C\u00e2ncer de Mama em Ilh\u00e9us, no Centro de Aten\u00e7\u00e3o Especializada (CAEIII), na Avenida Canavieiras.<br \/>\n<div id=\"attachment_67423\" style=\"width: 560px\" class=\"wp-caption aligncenter\"><a href=\"http:\/\/www.r2cpress.com.br\/v1\/wp-content\/uploads\/Lan\u00e7amento-da-Campanha-de-Combate-ao-C\u00e2ncer-de-Mama-Foto-Alfredo-Filho-Secom-Ilh\u00e9us-52.jpg\"><img aria-describedby=\"caption-attachment-67423\" loading=\"lazy\" src=\"http:\/\/www.r2cpress.com.br\/v1\/wp-content\/uploads\/Lan\u00e7amento-da-Campanha-de-Combate-ao-C\u00e2ncer-de-Mama-Foto-Alfredo-Filho-Secom-Ilh\u00e9us-52.jpg\" alt=\"Lan\u00e7amento da Campanha de Combate ao C\u00e2ncer de Mama - Foto Alfredo Filho - Secom Ilh\u00e9us.\" width=\"550\" height=\"367\" class=\"size-full wp-image-67423\" srcset=\"https:\/\/www.r2cpress.com.br\/v1\/wp-content\/uploads\/Lan\u00e7amento-da-Campanha-de-Combate-ao-C\u00e2ncer-de-Mama-Foto-Alfredo-Filho-Secom-Ilh\u00e9us-52.jpg 550w, https:\/\/www.r2cpress.com.br\/v1\/wp-content\/uploads\/Lan\u00e7amento-da-Campanha-de-Combate-ao-C\u00e2ncer-de-Mama-Foto-Alfredo-Filho-Secom-Ilh\u00e9us-52-300x200.jpg 300w\" sizes=\"(max-width: 550px) 100vw, 550px\" \/><\/a><p id=\"caption-attachment-67423\" class=\"wp-caption-text\">Lan\u00e7amento da Campanha de Combate ao C\u00e2ncer de Mama &#8211; Foto Alfredo Filho &#8211; Secom Ilh\u00e9us.<\/p><\/div><br \/>\nO programa \u00e9 uma iniciativa do Governo do Estado, atrav\u00e9s da Secretaria de Sa\u00fade (Sesab), e permanecer\u00e1 em Ilh\u00e9us at\u00e9 o pr\u00f3ximo dia 28 de junho, com a parceria da Prefeitura, por meio da Secretaria Municipal de Sa\u00fade (Sesau).  A previs\u00e3o \u00e9 que sejam atendidas, no munic\u00edpio, 22.500 mulheres de 50 a 69 anos, faixa et\u00e1ria de maior \u00edndice de ocorr\u00eancia da doen\u00e7a. \u201cO rastreamento \u00e9 muito importante para a sa\u00fade da popula\u00e7\u00e3o, afinal, al\u00e9m da quest\u00e3o f\u00edsica, o c\u00e2ncer de mama abala todo o nosso estado psicol\u00f3gico e emocional\u201d, afirma a dona de casa, C\u00e9lia Matos, 51 anos, enquanto aguardava o atendimento.<\/p>\n<p><!--more--><\/p>\n<p>Durante o lan\u00e7amento da campanha, que contou com a participa\u00e7\u00e3o dos titulares da Sesab, Jorge Solla, e da Semau, Led\u00edvia Espinheira, o prefeito Jabes Ribeiro destacou que programas preventivos s\u00e3o estrat\u00e9gias que cooperam para a redu\u00e7\u00e3o dos riscos das doen\u00e7as e da redu\u00e7\u00e3o dos \u00edndices. \u201cOs mutir\u00f5es s\u00e3o importantes, sobretudo, nos programas de preven\u00e7\u00e3o, e acho que a gente tem que avan\u00e7ar no sentido de promo\u00e7\u00e3o programas permanentes, inclusive buscando maior flexibilidade nas leis para garantir servi\u00e7os como estes\u201d, destacou o prefeito. \u201cTodos ficamos felizes em ver que as coisas est\u00e3o acontecendo, sabemos que ainda h\u00e1 muito para melhorar, mas estamos vivenciando as mudan\u00e7as na estrutura da cidade\u201d, completou o prefeito.<\/p>\n<p>Jabes Ribeiro ressaltou a necessidade de maior intera\u00e7\u00e3o entre poder p\u00fablico e sociedade organizada para a resolu\u00e7\u00e3o de problem\u00e1ticas do munic\u00edpio, lembrando a forma\u00e7\u00e3o da comiss\u00e3o do Pacto por Ilh\u00e9us, na \u00faltima sexta-feira, 14. \u201cEu acredito no sentimento de cidadania e da responsabilidade da sociedade organizada de Ilh\u00e9us\u201d, frisou.<\/p>\n<p>O prefeito e os secret\u00e1rios conversaram com as mulheres, explicaram a import\u00e2ncia da a\u00e7\u00e3o conjunta entre Estado e Munic\u00edpio e visitaram as instala\u00e7\u00f5es das unidades m\u00f3veis equipadas com mam\u00f3grafos, para a realiza\u00e7\u00e3o dos exames. \u201cJ\u00e1 realizamos o rastreamento em v\u00e1rios munic\u00edpios da Bahia, e iniciamos hoje (s\u00e1bado, dia 15) mais uma etapa aqui em Ilh\u00e9us do nosso programa, que \u00e9 o maior do pa\u00eds com o prop\u00f3sito de combater o c\u00e2ncer de mama\u201d, comentou Solla. Segundo a secret\u00e1ria Led\u00edvia Espinheira, em casa de identifica\u00e7\u00e3o da doen\u00e7a, a mulher ser\u00e1 encaminhada ao tratamento ideal.  \u201cAqui em Ilh\u00e9us temos o centro espec\u00edfico para o tratamento no Hospital S\u00e3o Jos\u00e9\u201d. <\/p>\n<p>Em Ilh\u00e9us, o mutir\u00e3o de rastreamento do c\u00e2ncer de mana est\u00e1 sendo realizado no CAE III, antigo SESP, na avenida Canavieiras, e tamb\u00e9m est\u00e1 sendo providenciado a instala\u00e7\u00e3o de um posto de atendimento na zona sul da cidade. A princ\u00edpio, o atendimento seria em frente ao Posto de Sa\u00fade da Fam\u00edlia (PSF) do Bairro Nossa Senhora da Vit\u00f3ria, mas por quest\u00f5es estruturais, na rede de energia el\u00e9trica, n\u00e3o foi poss\u00edvel manter as unidades m\u00f3veis no local. Para o atendimento, \u00e9 necess\u00e1rio apresentar a carteira de identidade e o cart\u00e3o do Sistema \u00danico de Sa\u00fade (Cart\u00e3o SUS).<\/p>\n<p>Al\u00e9m da mamografia, a paciente pode fazer exame preventivo de c\u00e2ncer do colo de \u00fatero, toma vacinas e recebe orienta\u00e7\u00f5es sobre o c\u00e2ncer. Antes do atendimento, \u00e9 realizada uma pequena entrevista com a paciente para identificar requisitos necess\u00e1rios para o exame como idade e condi\u00e7\u00f5es cl\u00ednicas. Mulheres, que est\u00e3o em tratamento contra c\u00e2ncer, por exemplo, n\u00e3o podem fazer o rastreamento. Ap\u00f3s a triagem \u00e9 realizada a mamografia. O exame \u00e9 encaminhado para an\u00e1lise em Salvador, e em 30 dais, a paciente pode peg\u00e1-lo na unidade de sa\u00fade onde fez o rastreamento. Caso positivo, a Secretaria Municipal de Sa\u00fade a encaminha para a unidade de tratamento.<\/p>\n<p>&#8212;<br \/>\nSecretaria de Comunica\u00e7\u00e3o Social (Secom)<br \/>\nIlh\u00e9us \u2013 17.06.2013<\/p>\n","protected":false},"excerpt":{"rendered":"<p>Segundo o estudo elaborado pelo World Breast Cancer Report, ser\u00e3o diagnosticadas, neste ano de 2013, pelo menos 60 mil mulheres com c\u00e2ncer de mama, em todo o mundo, n\u00famero maior que no ano passado. Al\u00e9m das altera\u00e7\u00f5es no organismo, a doen\u00e7a tamb\u00e9m interfere no estado psicol\u00f3gico das mulheres, que muitas vezes, perdem a autoestima e [&hellip;]<\/p>\n","protected":false},"author":2,"featured_media":0,"comment_status":"open","ping_status":"open","sticky":false,"template":"","format":"standard","meta":{"_links_to":"","_links_to_target":""},"categories":[23],"tags":[],"_links":{"self":[{"href":"https:\/\/www.r2cpress.com.br\/v1\/wp-json\/wp\/v2\/posts\/67422"}],"collection":[{"href":"https:\/\/www.r2cpress.com.br\/v1\/wp-json\/wp\/v2\/posts"}],"about":[{"href":"https:\/\/www.r2cpress.com.br\/v1\/wp-json\/wp\/v2\/types\/post"}],"author":[{"embeddable":true,"href":"https:\/\/www.r2cpress.com.br\/v1\/wp-json\/wp\/v2\/users\/2"}],"replies":[{"embeddable":true,"href":"https:\/\/www.r2cpress.com.br\/v1\/wp-json\/wp\/v2\/comments?post=67422"}],"version-history":[{"count":2,"href":"https:\/\/www.r2cpress.com.br\/v1\/wp-json\/wp\/v2\/posts\/67422\/revisions"}],"predecessor-version":[{"id":67425,"href":"https:\/\/www.r2cpress.com.br\/v1\/wp-json\/wp\/v2\/posts\/67422\/revisions\/67425"}],"wp:attachment":[{"href":"https:\/\/www.r2cpress.com.br\/v1\/wp-json\/wp\/v2\/media?parent=67422"}],"wp:term":[{"taxonomy":"category","embeddable":true,"href":"https:\/\/www.r2cpress.com.br\/v1\/wp-json\/wp\/v2\/categories?post=67422"},{"taxonomy":"post_tag","embeddable":true,"href":"https:\/\/www.r2cpress.com.br\/v1\/wp-json\/wp\/v2\/tags?post=67422"}],"curies":[{"name":"wp","href":"https:\/\/api.w.org\/{rel}","templated":true}]}}