{"id":67435,"date":"2013-06-17T13:33:20","date_gmt":"2013-06-17T16:33:20","guid":{"rendered":"http:\/\/www.r2cpress.com.br\/v1\/?p=67435"},"modified":"2013-06-17T13:33:20","modified_gmt":"2013-06-17T16:33:20","slug":"prefeitura-de-ilheus-cadastra-pessoas-com-deficiencia-para-concessao-do-passe-livre-municipal","status":"publish","type":"post","link":"https:\/\/www.r2cpress.com.br\/v1\/2013\/06\/17\/prefeitura-de-ilheus-cadastra-pessoas-com-deficiencia-para-concessao-do-passe-livre-municipal\/","title":{"rendered":"Prefeitura de Ilh\u00e9us cadastra pessoas com defici\u00eancia para concess\u00e3o do Passe Livre Municipal"},"content":{"rendered":"<p>A Prefeitura de Ilh\u00e9us, atrav\u00e9s da Secretaria de Desenvolvimento Social (SDS), convoca as pessoas com defici\u00eancia para efetuarem o cadastramento e\/ou recadastramento do Passe Livre Municipal, conforme estabelecem a Lei Federal n\u00ba 8.899\/1994 e o Decreto Municipal n\u00ba 88 de 03\/08\/2010. O cidad\u00e3o deve comparecer ao setor de Benef\u00edcios Sociais da Secretaria, situada \u00e0 Rua M\u00e1rio Alfredo, s\/n, pr\u00f3ximo \u00e0 Avenida Itabuna, de segunda a sexta-feira, das 8 \u00e0s 12 horas, portando os seguintes documentos originais: RG, CPF, laudo m\u00e9dico atualizado com o referente C\u00f3digo Internacional de Doen\u00e7as(CID), comprovantes de renda e resid\u00eancia.<\/p>\n<p>O secret\u00e1rio de Desenvolvimento Social, Jamil Ock\u00e9, informa que al\u00e9m do cadastramento para o Passe Livre, a Secretaria est\u00e1 realizando cadastro para o banco de dados, com o objetivo de elaborar pol\u00edticas p\u00fablicas especificas para as pessoas com defici\u00eancias.  Os interessados tamb\u00e9m poder\u00e3o se cadastrar no programa Balc\u00e3o do Emprego, que faz a intermedia\u00e7\u00e3o entre trabalhadores e empres\u00e1rios visando a inser\u00e7\u00e3o no mercado de trabalho.<\/p>\n<p>Outro beneficio concedido aos portadores de defici\u00eancia \u00e9 a  inscri\u00e7\u00e3o no Programa Nacional de Acesso ao Ensino T\u00e9cnico e Emprego (Pronatec), que oferece cursos gratuitos e bolsa-forma\u00e7\u00e3o com o intuito de criar oportunidades de forma\u00e7\u00e3o t\u00e9cnica e capacita\u00e7\u00e3o. <\/p>\n<p>&#8212;<br \/>\nSecretaria de Comunica\u00e7\u00e3o Social (Secom)<br \/>\nIlh\u00e9us \u2013 17.06.2013<\/p>\n","protected":false},"excerpt":{"rendered":"<p>A Prefeitura de Ilh\u00e9us, atrav\u00e9s da Secretaria de Desenvolvimento Social (SDS), convoca as pessoas com defici\u00eancia para efetuarem o cadastramento e\/ou recadastramento do Passe Livre Municipal, conforme estabelecem a Lei Federal n\u00ba 8.899\/1994 e o Decreto Municipal n\u00ba 88 de 03\/08\/2010. O cidad\u00e3o deve comparecer ao setor de Benef\u00edcios Sociais da Secretaria, situada \u00e0 Rua [&hellip;]<\/p>\n","protected":false},"author":2,"featured_media":0,"comment_status":"open","ping_status":"open","sticky":false,"template":"","format":"standard","meta":{"_links_to":"","_links_to_target":""},"categories":[23],"tags":[],"_links":{"self":[{"href":"https:\/\/www.r2cpress.com.br\/v1\/wp-json\/wp\/v2\/posts\/67435"}],"collection":[{"href":"https:\/\/www.r2cpress.com.br\/v1\/wp-json\/wp\/v2\/posts"}],"about":[{"href":"https:\/\/www.r2cpress.com.br\/v1\/wp-json\/wp\/v2\/types\/post"}],"author":[{"embeddable":true,"href":"https:\/\/www.r2cpress.com.br\/v1\/wp-json\/wp\/v2\/users\/2"}],"replies":[{"embeddable":true,"href":"https:\/\/www.r2cpress.com.br\/v1\/wp-json\/wp\/v2\/comments?post=67435"}],"version-history":[{"count":2,"href":"https:\/\/www.r2cpress.com.br\/v1\/wp-json\/wp\/v2\/posts\/67435\/revisions"}],"predecessor-version":[{"id":67437,"href":"https:\/\/www.r2cpress.com.br\/v1\/wp-json\/wp\/v2\/posts\/67435\/revisions\/67437"}],"wp:attachment":[{"href":"https:\/\/www.r2cpress.com.br\/v1\/wp-json\/wp\/v2\/media?parent=67435"}],"wp:term":[{"taxonomy":"category","embeddable":true,"href":"https:\/\/www.r2cpress.com.br\/v1\/wp-json\/wp\/v2\/categories?post=67435"},{"taxonomy":"post_tag","embeddable":true,"href":"https:\/\/www.r2cpress.com.br\/v1\/wp-json\/wp\/v2\/tags?post=67435"}],"curies":[{"name":"wp","href":"https:\/\/api.w.org\/{rel}","templated":true}]}}