{"id":67442,"date":"2013-06-17T15:38:13","date_gmt":"2013-06-17T18:38:13","guid":{"rendered":"http:\/\/www.r2cpress.com.br\/v1\/?p=67442"},"modified":"2013-06-17T15:38:13","modified_gmt":"2013-06-17T18:38:13","slug":"nucleo-de-danca-do-tpi-celebra-sucesso-do-projeto-chamgement","status":"publish","type":"post","link":"https:\/\/www.r2cpress.com.br\/v1\/2013\/06\/17\/nucleo-de-danca-do-tpi-celebra-sucesso-do-projeto-chamgement\/","title":{"rendered":"N\u00facleo de Dan\u00e7a do TPI celebra  sucesso do projeto Chamgement"},"content":{"rendered":"<p>            Realizado pelo N\u00facleo de Dan\u00e7a do Teatro Popular de Ilh\u00e9us (TPI), o projeto de interc\u00e2mbios Chamgement estreou com sucesso. O primeiro encontro contou com a participa\u00e7\u00e3o da Cia. Dan\u00e7art, de Vit\u00f3ria da Conquista, e mais de 20 participantes. No s\u00e1bado (15), foram realizadas as oficinas de Dan\u00e7a Contempor\u00e2nea e Popular. E, no domingo (16), o grupo conquistense apresentou o espet\u00e1culo Chover \u2013 as fases do sert\u00e3o. \u201cVamos transformar a dan\u00e7a na nossa cidade, atrav\u00e9s de parcerias, colabora\u00e7\u00e3o e trocas\u201d, disse a coordenadora \u00c9rica Ock\u00e9.<br \/>\n<div id=\"attachment_67443\" style=\"width: 510px\" class=\"wp-caption aligncenter\"><a href=\"http:\/\/www.r2cpress.com.br\/v1\/wp-content\/uploads\/Oficina-de-Dan\u00e7a-Contempor\u00e2nea-do-projeto-Chamgement-foto-Karoline-Vital-4.jpg\"><img aria-describedby=\"caption-attachment-67443\" loading=\"lazy\" src=\"http:\/\/www.r2cpress.com.br\/v1\/wp-content\/uploads\/Oficina-de-Dan\u00e7a-Contempor\u00e2nea-do-projeto-Chamgement-foto-Karoline-Vital-4.jpg\" alt=\"Oficina de Dan\u00e7a Contempor\u00e2nea do projeto Chamgement - foto Karoline Vital.\" width=\"500\" height=\"375\" class=\"size-full wp-image-67443\" srcset=\"https:\/\/www.r2cpress.com.br\/v1\/wp-content\/uploads\/Oficina-de-Dan\u00e7a-Contempor\u00e2nea-do-projeto-Chamgement-foto-Karoline-Vital-4.jpg 500w, https:\/\/www.r2cpress.com.br\/v1\/wp-content\/uploads\/Oficina-de-Dan\u00e7a-Contempor\u00e2nea-do-projeto-Chamgement-foto-Karoline-Vital-4-300x225.jpg 300w\" sizes=\"(max-width: 500px) 100vw, 500px\" \/><\/a><p id=\"caption-attachment-67443\" class=\"wp-caption-text\">Oficina de Dan\u00e7a Contempor\u00e2nea do projeto Chamgement &#8211; foto Karoline Vital.<\/p><\/div><br \/>\n            As oficinas que abriram o Chamgement foram direcionadas para bailarinos com mais de 13 anos de idade. A de Dan\u00e7a Contempor\u00e2nea foi ministrada pela Coordenadora do N\u00facleo de Dan\u00e7a do TPI, \u00c9rica Ock\u00e9, que tamb\u00e9m dirige a A-RRISCA Cia. de Dan\u00e7a. J\u00e1 a de Dan\u00e7a Popular foi conduzida pela diretora da Cia. Dan\u00e7art, Adriana Galv\u00e3o.<\/p>\n<p><!--more--><\/p>\n<p>            O domingo foi marcado pela apresenta\u00e7\u00e3o do espet\u00e1culo Chover \u2013as fases do sert\u00e3o. Segundo a diretora, Adriana Galv\u00e3o, a montagem foi constru\u00edda de forma colaborativa, misturando linguagens, como teatro, m\u00fasica e dan\u00e7a, para traduzir os sentimentos dos nordestinos diante \u00e0 seca. \u201cN\u00e3o d\u00e1 mais para fazer s\u00f3 dan\u00e7a. \u00c9 preciso inovar sempre, incluindo todos os integrantes no processo criativo\u201d, explicou.<\/p>\n<p>            A pr\u00f3xima etapa do projeto Chamgement ser\u00e1 focada na Dan\u00e7a de Sal\u00e3o. Os encontros acontecer\u00e3o nos dia 06 e 07 de julho, na Tenda do Teatro Popular de Ilh\u00e9us. Os grupos convidados para o interc\u00e2mbio v\u00eam de Itabuna e o fechamento das atividades ser\u00e1 com uma mostra coreogr\u00e1fica. Desta vez, o p\u00fablico-alvo ser\u00e1 mais amplo. Atores, bailarinos ou pessoas com afinidade \u00e0 dan\u00e7a de sal\u00e3o poder\u00e3o participar, gratuitamente.<\/p>\n<p><strong>Programa\u00e7\u00e3o do Cineclube<\/strong><\/p>\n<p>             O Cineclube \u00c9quio Reis desta ter\u00e7a-feira (18) traz  dois v\u00eddeos: Imagem no ar, de L\u00edvia Gouveia, Malu Carvalho e Thalline Gon\u00e7alves , e O ex-m\u00e1gico, dirigido por Adrian Greyce. O primeiro apresenta a hist\u00f3ria de uma jovem aficionada pelo r\u00e1dio, criando imagens para tudo o que escuta. J\u00e1 o segundo traz a hist\u00f3ria de um homem sombrio que vive da magia e decide cometer suic\u00eddio.<\/p>\n<p>O Cineclube \u00c9quio Reis existe desde 2009, como uma a\u00e7\u00e3o do N\u00facleo de Produ\u00e7\u00e3o Audiovisual do Teatro Popular de Ilh\u00e9us. Em novembro de 2012, passou a contar com a parceria do curso de Comunica\u00e7\u00e3o Social da Universidade Estadual de Santa Cruz, exibindo trabalhos dos acad\u00eamicos. A entrada \u00e9 franca e as exibi\u00e7\u00f5es come\u00e7am \u00e0s 19 horas.<\/p>\n","protected":false},"excerpt":{"rendered":"<p>Realizado pelo N\u00facleo de Dan\u00e7a do Teatro Popular de Ilh\u00e9us (TPI), o projeto de interc\u00e2mbios Chamgement estreou com sucesso. O primeiro encontro contou com a participa\u00e7\u00e3o da Cia. Dan\u00e7art, de Vit\u00f3ria da Conquista, e mais de 20 participantes. No s\u00e1bado (15), foram realizadas as oficinas de Dan\u00e7a Contempor\u00e2nea e Popular. E, no domingo (16), o [&hellip;]<\/p>\n","protected":false},"author":2,"featured_media":0,"comment_status":"open","ping_status":"open","sticky":false,"template":"","format":"standard","meta":{"_links_to":"","_links_to_target":""},"categories":[5],"tags":[],"_links":{"self":[{"href":"https:\/\/www.r2cpress.com.br\/v1\/wp-json\/wp\/v2\/posts\/67442"}],"collection":[{"href":"https:\/\/www.r2cpress.com.br\/v1\/wp-json\/wp\/v2\/posts"}],"about":[{"href":"https:\/\/www.r2cpress.com.br\/v1\/wp-json\/wp\/v2\/types\/post"}],"author":[{"embeddable":true,"href":"https:\/\/www.r2cpress.com.br\/v1\/wp-json\/wp\/v2\/users\/2"}],"replies":[{"embeddable":true,"href":"https:\/\/www.r2cpress.com.br\/v1\/wp-json\/wp\/v2\/comments?post=67442"}],"version-history":[{"count":2,"href":"https:\/\/www.r2cpress.com.br\/v1\/wp-json\/wp\/v2\/posts\/67442\/revisions"}],"predecessor-version":[{"id":67445,"href":"https:\/\/www.r2cpress.com.br\/v1\/wp-json\/wp\/v2\/posts\/67442\/revisions\/67445"}],"wp:attachment":[{"href":"https:\/\/www.r2cpress.com.br\/v1\/wp-json\/wp\/v2\/media?parent=67442"}],"wp:term":[{"taxonomy":"category","embeddable":true,"href":"https:\/\/www.r2cpress.com.br\/v1\/wp-json\/wp\/v2\/categories?post=67442"},{"taxonomy":"post_tag","embeddable":true,"href":"https:\/\/www.r2cpress.com.br\/v1\/wp-json\/wp\/v2\/tags?post=67442"}],"curies":[{"name":"wp","href":"https:\/\/api.w.org\/{rel}","templated":true}]}}