{"id":67446,"date":"2013-06-17T16:04:34","date_gmt":"2013-06-17T19:04:34","guid":{"rendered":"http:\/\/www.r2cpress.com.br\/v1\/?p=67446"},"modified":"2013-06-17T16:04:34","modified_gmt":"2013-06-17T19:04:34","slug":"nota-repudio-vlado-protecao-aos-jornalistas","status":"publish","type":"post","link":"https:\/\/www.r2cpress.com.br\/v1\/2013\/06\/17\/nota-repudio-vlado-protecao-aos-jornalistas\/","title":{"rendered":"Nota rep\u00fadio &#8211; Vlado Prote\u00e7\u00e3o aos Jornalistas"},"content":{"rendered":"<p>As onze entidades voltadas para os direitos humanos e o livre exerc\u00edcio do jornalismo e da liberdade de express\u00e3o, reunidas no grupo <i>Vlado Prote\u00e7\u00e3o aos Jornalistas<\/i>, declaram seu rep\u00fadio conjunto \u00e0s viol\u00eancias cometidas pela Pol\u00edcia Militar de S\u00e3o Paulo contra jornalistas que exerciam seu trabalho de cobertura das manifesta\u00e7\u00f5es ocorridas na \u00faltima quinta-feira na Capital paulista.<\/p>\n<div>\nAl\u00e9m de endossar as notas de protesto individuais dessas entidades, desejamos, como grupo, potencializar este grito e unir nossas vozes para exigir das autoridades, em n\u00edveis federal, estadual e municipal, que ajam decisivamente para evitar que tais fatos voltem a ocorrer e para punir exemplarmente os respons\u00e1veis.<\/div>\n<div>\nToda viol\u00eancia \u00e9 conden\u00e1vel. Mas os jornalistas que ontem sofreram tiros, socos, ponta-p\u00e9s e golpes de cassetete foram vitimados por indiv\u00edduos que vestem a farda da PM de S\u00e3o Paulo \u2013 portanto s\u00e3o agentes do Estado, o que torna as viol\u00eancias que cometeram absolutamente inaceit\u00e1veis.<\/div>\n<div>\nO Secret\u00e1rio da Seguran\u00e7a P\u00fablica do governo paulista afirmou que o papel da pol\u00edcia \u00e9 \u201cinclusive garantir o direito de quem quer trabalhar\u201d. Os jornalistas presentes \u00e0s manifesta\u00e7\u00f5es ali estavam a trabalho, para cumprir seu dever profissional. No entanto v\u00e1rios foram massacrados como se fossem inimigos.<\/div>\n<div>\nPortanto, al\u00e9m do sofrimento pessoal a que foram submetidos pelas viol\u00eancias f\u00edsicas que lhes foram infligidas, os jornalistas agredidos tiveram seu direito de trabalhar cerceado pela PM de S\u00e3o Paulo, ao contr\u00e1rio do que afirmou o Secret\u00e1rio.<\/div>\n<div>\nMais que isso: ao assim agir, esses agentes do Estado cercearam, pelo abuso, o direito da sociedade \u00e0 informa\u00e7\u00e3o jornal\u00edstica.\u00a0Por tudo isso, como organiza\u00e7\u00f5es que prezam os direitos humanos, a liberdade de express\u00e3o e de imprensa \u2013 e acima de tudo como cidad\u00e3os de uma democracia cuja defesa j\u00e1 custou in\u00fameras v\u00edtimas \u2013 exigimos que as autoridades, notadamente o governo de S\u00e3o Paulo, impe\u00e7am que tais fatos voltem a suceder e responsabilizem de maneira transparente e radical os agentes que cometeram os abusos da \u00faltima quinta-feira, dando a p\u00fablico seus nomes e os dos comandantes que os autorizaram a assim agir.<\/div>\n<div>\nSe esses homens n\u00e3o atuaram conforme os procedimentos determinados pelo comando da PM, que eles sejam punidos e que seus nomes sejam revelados. Ou ent\u00e3o a sociedade saber\u00e1 julgar que eles e suas a\u00e7\u00f5es na verdade correspondem \u00e0 estrat\u00e9gia aceita e implementada pela Pol\u00edcia Militar do Estado de S\u00e3o Paulo.<\/div>\n<p><b>Sobre o Instituto Vladimir Herzog<\/b><\/p>\n<p>Criado em 25 de Junho de 2009, o Instituto Vladimir Herzog tem a miss\u00e3o de contribuir para a reflex\u00e3o e produ\u00e7\u00e3o de informa\u00e7\u00f5es que garantam o direito \u00e0 vida e o direito \u00e0 justi\u00e7a. Sua funda\u00e7\u00e3o se inspirou na trajet\u00f3ria de vida do jornalista Vladimir Herzog, assassinado em 1975 pela ditadura, bem como nos principais valores ligados a essa trajet\u00f3ria: democracia, liberdade e justi\u00e7a social.<\/p>\n<p>Tendo como bandeira a frase de Herzog \u201cQuando perdemos a capacidade de nos indignarmos com as atrocidades praticadas contra outros, perdemos tamb\u00e9m o direito de nos considerarmos seres humanos civilizados\u201d, o Instituto \u00e9 uma OSCIP, organiza\u00e7\u00e3o sem fins lucrativos, com neutralidade pol\u00edtico-partid\u00e1ria.<\/p>\n<p>Mais informa\u00e7\u00f5es podem ser encontradas no endere\u00e7o do <a href=\"http:\/\/tr.delivery.whservidor.com\/index.dma\/DmaClick?14298,872,41330,2730,7044c0a8140a2e2a84ea73216263c487,aHR0cDovL3d3dy52bGFkaW1pcmhlcnpvZy5vcmcuYnIv\">www.vladimirherzog.org.br<\/a>.<\/p>\n<p><b>Blog: <\/b><a href=\"http:\/\/tr.delivery.whservidor.com\/index.dma\/DmaClick?14298,872,41330,2731,7044c0a8140a2e2a84ea73216263c487,aHR0cDovL3d3dy52bGFkb2hlcnpvZy5ibG9nc3BvdC5jb20uYnIv\">http:\/\/www.vladoherzog.blogspot.com.br\/<\/a><\/p>\n<p><b>Facebook: <\/b><a href=\"http:\/\/tr.delivery.whservidor.com\/index.dma\/DmaClick?14298,872,41330,2732,7044c0a8140a2e2a84ea73216263c487,aHR0cDovL3d3dy5mYWNlYm9vay5jb20vdmxhZGltaXIuaGVyem9n\">http:\/\/facebook.com\/vladimir.herzog<\/a><b> <\/b><\/p>\n<p><b>Twitter: <\/b><a href=\"http:\/\/tr.delivery.whservidor.com\/index.dma\/DmaClick?14298,872,41330,2733,7044c0a8140a2e2a84ea73216263c487,aHR0cHM6Ly90d2l0dGVyLmNvbS92bGFkaW1pcmhlcnpvZw==\">https:\/\/twitter.com\/vladimirherzog<\/a><b> <\/b><\/p>\n","protected":false},"excerpt":{"rendered":"<p>As onze entidades voltadas para os direitos humanos e o livre exerc\u00edcio do jornalismo e da liberdade de express\u00e3o, reunidas no grupo Vlado Prote\u00e7\u00e3o aos Jornalistas, declaram seu rep\u00fadio conjunto \u00e0s viol\u00eancias cometidas pela Pol\u00edcia Militar de S\u00e3o Paulo contra jornalistas que exerciam seu trabalho de cobertura das manifesta\u00e7\u00f5es ocorridas na \u00faltima quinta-feira na Capital [&hellip;]<\/p>\n","protected":false},"author":2,"featured_media":0,"comment_status":"open","ping_status":"open","sticky":false,"template":"","format":"standard","meta":{"_links_to":"","_links_to_target":""},"categories":[18],"tags":[],"_links":{"self":[{"href":"https:\/\/www.r2cpress.com.br\/v1\/wp-json\/wp\/v2\/posts\/67446"}],"collection":[{"href":"https:\/\/www.r2cpress.com.br\/v1\/wp-json\/wp\/v2\/posts"}],"about":[{"href":"https:\/\/www.r2cpress.com.br\/v1\/wp-json\/wp\/v2\/types\/post"}],"author":[{"embeddable":true,"href":"https:\/\/www.r2cpress.com.br\/v1\/wp-json\/wp\/v2\/users\/2"}],"replies":[{"embeddable":true,"href":"https:\/\/www.r2cpress.com.br\/v1\/wp-json\/wp\/v2\/comments?post=67446"}],"version-history":[{"count":3,"href":"https:\/\/www.r2cpress.com.br\/v1\/wp-json\/wp\/v2\/posts\/67446\/revisions"}],"predecessor-version":[{"id":67449,"href":"https:\/\/www.r2cpress.com.br\/v1\/wp-json\/wp\/v2\/posts\/67446\/revisions\/67449"}],"wp:attachment":[{"href":"https:\/\/www.r2cpress.com.br\/v1\/wp-json\/wp\/v2\/media?parent=67446"}],"wp:term":[{"taxonomy":"category","embeddable":true,"href":"https:\/\/www.r2cpress.com.br\/v1\/wp-json\/wp\/v2\/categories?post=67446"},{"taxonomy":"post_tag","embeddable":true,"href":"https:\/\/www.r2cpress.com.br\/v1\/wp-json\/wp\/v2\/tags?post=67446"}],"curies":[{"name":"wp","href":"https:\/\/api.w.org\/{rel}","templated":true}]}}