{"id":6748,"date":"2011-01-17T10:47:06","date_gmt":"2011-01-17T13:47:06","guid":{"rendered":"http:\/\/www.r2cpress.com.br\/v1\/?p=6748"},"modified":"2011-01-17T10:47:06","modified_gmt":"2011-01-17T13:47:06","slug":"kyra-gracie-sua-o-quimono-para-disputar-o-campeonato-europeu-de-jiu-jitsu","status":"publish","type":"post","link":"https:\/\/www.r2cpress.com.br\/v1\/2011\/01\/17\/kyra-gracie-sua-o-quimono-para-disputar-o-campeonato-europeu-de-jiu-jitsu\/","title":{"rendered":"Kyra Gracie sua o quimono para disputar o Campeonato Europeu de Jiu-J\u00edtsu"},"content":{"rendered":"<p><a href=\"http:\/\/www.r2cpress.com.br\/v1\/wp-content\/uploads\/kyra.jpg\"><img loading=\"lazy\" src=\"http:\/\/www.r2cpress.com.br\/v1\/wp-content\/uploads\/kyra-195x300.jpg\" alt=\"\" title=\"kyra\" width=\"195\" height=\"300\" class=\"alignright size-medium wp-image-6749\" srcset=\"https:\/\/www.r2cpress.com.br\/v1\/wp-content\/uploads\/kyra-195x300.jpg 195w, https:\/\/www.r2cpress.com.br\/v1\/wp-content\/uploads\/kyra.jpg 228w\" sizes=\"(max-width: 195px) 100vw, 195px\" \/><\/a>Para come\u00e7ar o ano com o p\u00e9 direito, a tetracampe\u00e3 mundial de Jiu-J\u00edtsu, Kyra Gracie, treina forte para disputar o European Open Jiu-Jitsu Championship. O campeonato, que acontece em Lisboa, Portugal, entre os dias 27 e 30 de janeiro, \u00e9 o \u00fanico t\u00edtulo que ela n\u00e3o possui. Por isso, \u00e9 encarado como um dos principais objetivos da atleta em 2011.<\/p>\n<p>Para este primeiro desafio, Kyra come\u00e7ou a se preparar ainda em 2010, com fortes treinos de jud\u00f4 e nata\u00e7\u00e3o, al\u00e9m de jiu-j\u00edtsu. \u201cNa minha categoria (peso leve), vou enfrentar atletas que eu ainda n\u00e3o enfrentei, pois chegaram  h\u00e1 pouco tempo na categoria profissional, mas est\u00e3o com fome de vit\u00f3ria\u201d, afirma.<\/p>\n<p>Antes da competi\u00e7\u00e3o, a atleta vai para a Inglaterra, onde termina a prepara\u00e7\u00e3o com o primo, Roger Gracie. \u201cEsse t\u00edtulo \u00e9 muito importante, porque quero completar a minha cole\u00e7\u00e3o de medalhas e tamb\u00e9m come\u00e7ar o ano bem, j\u00e1 visando o mundial em junho\u201d, destaca.<\/p>\n<p>Com a agenda cheia, Kyra, ap\u00f3s o Europeu, vai disputar o Pan-Americano em abril, Brasileiro em maio, Mundial em junho e Rio Open em julho. Al\u00e9m de ministrar alguns semin\u00e1rios em diversos pa\u00edses e dos Camps que realiza, marcados, no primeiro semestre, para mar\u00e7o na Costa Rica e junho no Rio de Janeiro.<\/p>\n<p>&#8212;<br \/>\n<strong>Sobre Kyra Gracie<\/strong><\/p>\n<p>Kyra Gracie \u00e9 tetracampe\u00e3 mundial de Jiu-Jitsu, al\u00e9m de ser a \u00fanica mulher faixa preta da fam\u00edlia Gracie. Conhecida tamb\u00e9m como a musa do Brazilian Jiu-Jitsu e maior nome do Brazilian Jiu-Jitsu feminino e do Submission feminino, Kyra ministra semin\u00e1rios por todo o mundo. Al\u00e9m de dar aulas da arte marcial para crian\u00e7as do projeto social Instituto Kapacidade, em Vargem Grande, Rio de Janeiro. <\/p>\n","protected":false},"excerpt":{"rendered":"<p>Para come\u00e7ar o ano com o p\u00e9 direito, a tetracampe\u00e3 mundial de Jiu-J\u00edtsu, Kyra Gracie, treina forte para disputar o European Open Jiu-Jitsu Championship. O campeonato, que acontece em Lisboa, Portugal, entre os dias 27 e 30 de janeiro, \u00e9 o \u00fanico t\u00edtulo que ela n\u00e3o possui. Por isso, \u00e9 encarado como um dos principais [&hellip;]<\/p>\n","protected":false},"author":2,"featured_media":0,"comment_status":"open","ping_status":"open","sticky":false,"template":"","format":"standard","meta":{"_links_to":"","_links_to_target":""},"categories":[11],"tags":[],"_links":{"self":[{"href":"https:\/\/www.r2cpress.com.br\/v1\/wp-json\/wp\/v2\/posts\/6748"}],"collection":[{"href":"https:\/\/www.r2cpress.com.br\/v1\/wp-json\/wp\/v2\/posts"}],"about":[{"href":"https:\/\/www.r2cpress.com.br\/v1\/wp-json\/wp\/v2\/types\/post"}],"author":[{"embeddable":true,"href":"https:\/\/www.r2cpress.com.br\/v1\/wp-json\/wp\/v2\/users\/2"}],"replies":[{"embeddable":true,"href":"https:\/\/www.r2cpress.com.br\/v1\/wp-json\/wp\/v2\/comments?post=6748"}],"version-history":[{"count":2,"href":"https:\/\/www.r2cpress.com.br\/v1\/wp-json\/wp\/v2\/posts\/6748\/revisions"}],"predecessor-version":[{"id":6751,"href":"https:\/\/www.r2cpress.com.br\/v1\/wp-json\/wp\/v2\/posts\/6748\/revisions\/6751"}],"wp:attachment":[{"href":"https:\/\/www.r2cpress.com.br\/v1\/wp-json\/wp\/v2\/media?parent=6748"}],"wp:term":[{"taxonomy":"category","embeddable":true,"href":"https:\/\/www.r2cpress.com.br\/v1\/wp-json\/wp\/v2\/categories?post=6748"},{"taxonomy":"post_tag","embeddable":true,"href":"https:\/\/www.r2cpress.com.br\/v1\/wp-json\/wp\/v2\/tags?post=6748"}],"curies":[{"name":"wp","href":"https:\/\/api.w.org\/{rel}","templated":true}]}}