{"id":67529,"date":"2013-06-19T21:05:33","date_gmt":"2013-06-20T00:05:33","guid":{"rendered":"http:\/\/www.r2cpress.com.br\/v1\/?p=67529"},"modified":"2013-06-19T21:05:33","modified_gmt":"2013-06-20T00:05:33","slug":"projetospactoresponsabilidade","status":"publish","type":"post","link":"https:\/\/www.r2cpress.com.br\/v1\/2013\/06\/19\/projetospactoresponsabilidade\/","title":{"rendered":"PROJETOS\/PACTO\/RESPONSABILIDADE"},"content":{"rendered":"<p><img loading=\"lazy\" class=\"alignright\" alt=\"\" src=\"http:\/\/www.r2cpress.com.br\/v1\/wp-content\/uploads\/zecarlos-r2cpress_reduzida.jpg\" width=\"300\" height=\"207\" \/>Ser\u00e1 que a ficha veio cair agora? Devemos acreditar no chamamento do nosso alcaide? Aqui com meus bot\u00f5es muito coisa passa pela minha cabecinha de cidad\u00e3o.<\/p>\n<p>Para a nossa sofrida cidade chegar a receber um convite do Gestor P\u00fablico pedindo arrego \u00e0 sociedade, com aceno de um pacto visando a repensar a situa\u00e7\u00e3o ca\u00f3tica do munic\u00edpio, onde segundo o pr\u00f3prio, as receitas n\u00e3o s\u00e3o suficientes para cobrir as despesas, devemos voltar ao passado e fazer algumas reflex\u00f5es.<\/p>\n<p>Segundo os estudiosos em administra\u00e7\u00e3o, para o dono saber como anda sua empresa necess\u00e1rio se torna que o dito cujo fique sentado do outro lado da rua olhando o que acontece no seu ramo de neg\u00f3cio.<\/p>\n<p>Esse olho cr\u00edtico com certeza vai vislumbrar in\u00fameras situa\u00e7\u00f5es interessantes.<\/p>\n<p>Ser\u00e1 que algum prefeito dos \u00faltimos anos teve o cuidado de olhar a nossa cidade dessa maneira?<\/p>\n<p><!--more--><\/p>\n<p>O que aconteceu nesses \u00faltimos oito anos, teve um paitrocinador, que algumas pessoas n\u00e3o aceitam esta indica\u00e7\u00e3o, e todos sabem que o atual alcaide teve sim a sua participa\u00e7\u00e3o nesse imbr\u00f3glio em que estamos vivendo.<\/p>\n<p>Pra acontecer esse terremoto dos \u00faltimos oito anos, foi necess\u00e1rio um empurr\u00e3o e o povo caiu como galinha morta elegendo pessoas sem nenhuma qualifica\u00e7\u00e3o e o resultado est\u00e1 aparecendo agora, mas a coisa j\u00e1 vem de longe e veio estourar justamente nas m\u00e3os do salvador da p\u00e1tria.<\/p>\n<p>Ser\u00e1 que o pacto \u00e9 que vai salvar Ilh\u00e9us?<\/p>\n<p>Estamos vivendo a era dos projetos, se todos vierem a ser concretizados, a cidade da Gabriela vai se tornar o novo eldorado, onde todos v\u00e3o querer investir.<\/p>\n<p>Projetos s\u00e3o projetos, requer elabora\u00e7\u00e3o, apoio pol\u00edtico, demora na an\u00e1lise, audi\u00eancias p\u00fablicas, protestos, um pode ser aprovado, outro n\u00e3o, enfim, at\u00e9 virar realidade o tempo j\u00e1 passou que ningu\u00e9m sente.<\/p>\n<p>A turma que vai fazer parte do comit\u00ea pacto, com certeza vai querer ter pelo menos um soci\u00f3logo na equipe para destrinchar o porqu\u00ea que Ilh\u00e9us chegou a esse ponto.<\/p>\n<p>Enquanto o tal pacto n\u00e3o vem e a turma n\u00e3o se re\u00fane, a nossa prefeitura deve fazer o tradicional feij\u00e3o com arroz na limpeza p\u00fablica, na sa\u00fade, na educa\u00e7\u00e3o, suspender novas contrata\u00e7\u00f5es, obedecer fielmente a Lei de Responsabilidade Fiscal, tornando a cidade minimamente administrada.<\/p>\n<p>O resto o comit\u00ea pacto vai resolver. Tomara.<\/p>\n<p>&nbsp;<\/p>\n<p><b>Z\u00c9CARLOS JUNIOR<\/b><\/p>\n","protected":false},"excerpt":{"rendered":"<p>Ser\u00e1 que a ficha veio cair agora? Devemos acreditar no chamamento do nosso alcaide? Aqui com meus bot\u00f5es muito coisa passa pela minha cabecinha de cidad\u00e3o. Para a nossa sofrida cidade chegar a receber um convite do Gestor P\u00fablico pedindo arrego \u00e0 sociedade, com aceno de um pacto visando a repensar a situa\u00e7\u00e3o ca\u00f3tica do [&hellip;]<\/p>\n","protected":false},"author":2,"featured_media":0,"comment_status":"open","ping_status":"open","sticky":false,"template":"","format":"standard","meta":{"_links_to":"","_links_to_target":""},"categories":[10],"tags":[],"_links":{"self":[{"href":"https:\/\/www.r2cpress.com.br\/v1\/wp-json\/wp\/v2\/posts\/67529"}],"collection":[{"href":"https:\/\/www.r2cpress.com.br\/v1\/wp-json\/wp\/v2\/posts"}],"about":[{"href":"https:\/\/www.r2cpress.com.br\/v1\/wp-json\/wp\/v2\/types\/post"}],"author":[{"embeddable":true,"href":"https:\/\/www.r2cpress.com.br\/v1\/wp-json\/wp\/v2\/users\/2"}],"replies":[{"embeddable":true,"href":"https:\/\/www.r2cpress.com.br\/v1\/wp-json\/wp\/v2\/comments?post=67529"}],"version-history":[{"count":3,"href":"https:\/\/www.r2cpress.com.br\/v1\/wp-json\/wp\/v2\/posts\/67529\/revisions"}],"predecessor-version":[{"id":67532,"href":"https:\/\/www.r2cpress.com.br\/v1\/wp-json\/wp\/v2\/posts\/67529\/revisions\/67532"}],"wp:attachment":[{"href":"https:\/\/www.r2cpress.com.br\/v1\/wp-json\/wp\/v2\/media?parent=67529"}],"wp:term":[{"taxonomy":"category","embeddable":true,"href":"https:\/\/www.r2cpress.com.br\/v1\/wp-json\/wp\/v2\/categories?post=67529"},{"taxonomy":"post_tag","embeddable":true,"href":"https:\/\/www.r2cpress.com.br\/v1\/wp-json\/wp\/v2\/tags?post=67529"}],"curies":[{"name":"wp","href":"https:\/\/api.w.org\/{rel}","templated":true}]}}