{"id":67590,"date":"2013-06-20T10:44:50","date_gmt":"2013-06-20T13:44:50","guid":{"rendered":"http:\/\/www.r2cpress.com.br\/v1\/?p=67590"},"modified":"2013-06-20T10:44:50","modified_gmt":"2013-06-20T13:44:50","slug":"reune-ilheus-defesa-publica-da-alegria","status":"publish","type":"post","link":"https:\/\/www.r2cpress.com.br\/v1\/2013\/06\/20\/reune-ilheus-defesa-publica-da-alegria\/","title":{"rendered":"&#8220;Re\u00fane, Ilh\u00e9us: Defesa P\u00fablica da Alegria&#8221;"},"content":{"rendered":"<p> Ilustres irm\u00e3os e irm\u00e3s ilheenses,<\/p>\n<p>   Vamos dar um BASTA na tristeza e no sofrimento que tanto nos angustiam em nossa bela e mal administrada cidade?<\/p>\n<p>   Sabem por que esse mal triunfou at\u00e9 agora, aqui em Ilh\u00e9us, na Bahia e no Brasil, causando toda essa desgra\u00e7a administrativa, principalmente nas \u00e1reas da Sa\u00fade, da Educa\u00e7\u00e3o e da Seguran\u00e7a, p\u00fablicas?<\/p>\n<p>   Tudo isso aconteceu, apenas porque a grande maioria dos BONS, homens e mulheres do bem, estavam calados. Sofriam em sil\u00eancio, como se fossem c\u00famplices, por omiss\u00e3o. <\/p>\n<p>   Deus, felizmente, pelos Seus not\u00f3rios sinais, est\u00e1 nos reunindo para que, com leg\u00edtima e pac\u00edfica manifesta\u00e7\u00e3o de protestos, resgatemos nossos direitos criminosamente, suspeita-se, violados por alguns dos que nos representaram ou representam nos Poderes Executivo e Legislativo nos \u00e2mbitos municipal, estadual e federal, principalmente quanto ao respeito \u00e0 dignidade das nossas pessoas humanas.<\/p>\n<p>   Mesmo atrasados, vamos acabar com a imperante certeza da impunidade? Juntos, podemos, sim! E vamos reduzir a n\u00edveis suport\u00e1veis, os elevados \u00edndices de viol\u00eancia e de criminalidade, mormente os sucessivos HOMIC\u00cdDIOS, ESTUPROS e LES\u00d5ES CORPORAIS, bem como os constantes roubos de patrim\u00f4nios e  desvios de dinheiro dos cofres p\u00fablicos pelos &#8220;ralos&#8221; da famigerada corrup\u00e7\u00e3o.<\/p>\n<p>   Para tanto, convido-lhes, irm\u00e3os e irm\u00e3s, a participarem hoje, 20 de junho, a partir das 14:00 horas, na pra\u00e7a do Teatro Municipal de Ilh\u00e9us, da nossa ordeira mobiliza\u00e7\u00e3o comunit\u00e1ria, quando poderemos, ent\u00e3o, exibir nossos cartazes exigindo puni\u00e7\u00e3o rigorosa tanto para os j\u00e1 referidos criminosos, como para os poss\u00edveis v\u00e2ndalos ou &#8220;manifestantes perif\u00e9ricos&#8221; que tentarem desvirtuar a nossa leg\u00edtima e nobre &#8220;revolu\u00e7\u00e3o de valores&#8221; em defesa da vindoura alegria com o  orgulho justo de estarmos aqui em Ilh\u00e9us, na Bahia e no Brasil.<\/p>\n<p>   V\u00c2NDALOS, MENSALEIROS e outros criminosos, est\u00e3o pedindo, h\u00e1 muito tempo, para serem punidos em suas respectivas inst\u00e2ncias judiciais!  Vamos atend\u00ea-los!  Em qualquer esfera: municipal, estadual ou federal!  Avante, Excelent\u00edssimos Senhores Magistrados e Promotores de Justi\u00e7a!  Que a gra\u00e7a divina nos ilumine e proteja!   <\/p>\n<p>   Respeitosamente,<\/p>\n<p>                    Jos\u00e9 Carlos Batista Reis &#8211; TC PM\/RR<\/p>\n","protected":false},"excerpt":{"rendered":"<p>Ilustres irm\u00e3os e irm\u00e3s ilheenses, Vamos dar um BASTA na tristeza e no sofrimento que tanto nos angustiam em nossa bela e mal administrada cidade? Sabem por que esse mal triunfou at\u00e9 agora, aqui em Ilh\u00e9us, na Bahia e no Brasil, causando toda essa desgra\u00e7a administrativa, principalmente nas \u00e1reas da Sa\u00fade, da Educa\u00e7\u00e3o e da [&hellip;]<\/p>\n","protected":false},"author":2,"featured_media":0,"comment_status":"open","ping_status":"open","sticky":false,"template":"","format":"standard","meta":{"_links_to":"","_links_to_target":""},"categories":[10],"tags":[],"_links":{"self":[{"href":"https:\/\/www.r2cpress.com.br\/v1\/wp-json\/wp\/v2\/posts\/67590"}],"collection":[{"href":"https:\/\/www.r2cpress.com.br\/v1\/wp-json\/wp\/v2\/posts"}],"about":[{"href":"https:\/\/www.r2cpress.com.br\/v1\/wp-json\/wp\/v2\/types\/post"}],"author":[{"embeddable":true,"href":"https:\/\/www.r2cpress.com.br\/v1\/wp-json\/wp\/v2\/users\/2"}],"replies":[{"embeddable":true,"href":"https:\/\/www.r2cpress.com.br\/v1\/wp-json\/wp\/v2\/comments?post=67590"}],"version-history":[{"count":2,"href":"https:\/\/www.r2cpress.com.br\/v1\/wp-json\/wp\/v2\/posts\/67590\/revisions"}],"predecessor-version":[{"id":67592,"href":"https:\/\/www.r2cpress.com.br\/v1\/wp-json\/wp\/v2\/posts\/67590\/revisions\/67592"}],"wp:attachment":[{"href":"https:\/\/www.r2cpress.com.br\/v1\/wp-json\/wp\/v2\/media?parent=67590"}],"wp:term":[{"taxonomy":"category","embeddable":true,"href":"https:\/\/www.r2cpress.com.br\/v1\/wp-json\/wp\/v2\/categories?post=67590"},{"taxonomy":"post_tag","embeddable":true,"href":"https:\/\/www.r2cpress.com.br\/v1\/wp-json\/wp\/v2\/tags?post=67590"}],"curies":[{"name":"wp","href":"https:\/\/api.w.org\/{rel}","templated":true}]}}