{"id":6766,"date":"2011-01-17T20:07:14","date_gmt":"2011-01-17T23:07:14","guid":{"rendered":"http:\/\/www.r2cpress.com.br\/v1\/?p=6766"},"modified":"2011-01-17T20:07:14","modified_gmt":"2011-01-17T23:07:14","slug":"1%c2%aa-copa-interbairros-de-veteranos-e-destaque-no-projeto-verao-malhado","status":"publish","type":"post","link":"https:\/\/www.r2cpress.com.br\/v1\/2011\/01\/17\/1%c2%aa-copa-interbairros-de-veteranos-e-destaque-no-projeto-verao-malhado\/","title":{"rendered":"1\u00aa Copa InterBairros de Veteranos \u00e9 destaque no Projeto Ver\u00e3o Malhado"},"content":{"rendered":"<p><center><a href=\"http:\/\/www.r2cpress.com.br\/v1\/wp-content\/uploads\/mont-capa-site8.jpg\"><img loading=\"lazy\" src=\"http:\/\/www.r2cpress.com.br\/v1\/wp-content\/uploads\/mont-capa-site8-265x300.jpg\" alt=\"\" title=\"mont capa site\" width=\"265\" height=\"300\" class=\"alignnone size-medium wp-image-6767\" srcset=\"https:\/\/www.r2cpress.com.br\/v1\/wp-content\/uploads\/mont-capa-site8-265x300.jpg 265w, https:\/\/www.r2cpress.com.br\/v1\/wp-content\/uploads\/mont-capa-site8.jpg 750w\" sizes=\"(max-width: 265px) 100vw, 265px\" \/><\/a><\/center><\/p>\n<p>O 3\u00ba Projeto Ver\u00e3o Malhado teve prosseguimento na noite da \u00faltima sexta-feira (14) com o in\u00edcio da 1\u00aa Copa InterBairros de futebol de areia para veteranos. O \u00fanico jogo realizado na noite teve o time da Urbis vencendo a equipe da Rua Severino Vieira por 2&#215;1 com gols de Aldo e Roque do Sesp para a equipe da Zona Sul. Os veteranos da Urbis aguardam agora o vencedor do jogo entre Barra x Aritagu\u00e1, que jogar\u00e3o nesta quarta-feira (19) a partir das 19hs.<\/p>\n<p>Na noite da \u00faltima sexta-feira tamb\u00e9m foram realizados dois jogos pela 2\u00aa Copa InterBairros. O p\u00fablico presente na Avenida Litor\u00e2nea Norte, no Malhado, pode presenciar duas partidas com muita emo\u00e7\u00e3o e 16 gols. No primeiro jogo o time da Princesa Isabel venceu por 4X3 o combinado da Tapera. Logo em seguida a equipe da Conquista venceu por 5X4 o time do Malhado. A pr\u00f3xima rodada ser\u00e1 realizada na pr\u00f3xima quarta-feira com mais uma rodada dupla. Alto do Coqueiro X Barra jogar\u00e3o \u00e0s 20hs e Alto do Amparo X Nelson Costa \u00e0s 21hs. <\/p>\n","protected":false},"excerpt":{"rendered":"<p>O 3\u00ba Projeto Ver\u00e3o Malhado teve prosseguimento na noite da \u00faltima sexta-feira (14) com o in\u00edcio da 1\u00aa Copa InterBairros de futebol de areia para veteranos. O \u00fanico jogo realizado na noite teve o time da Urbis vencendo a equipe da Rua Severino Vieira por 2&#215;1 com gols de Aldo e Roque do Sesp para [&hellip;]<\/p>\n","protected":false},"author":2,"featured_media":0,"comment_status":"open","ping_status":"open","sticky":false,"template":"","format":"standard","meta":{"_links_to":"","_links_to_target":""},"categories":[11],"tags":[],"_links":{"self":[{"href":"https:\/\/www.r2cpress.com.br\/v1\/wp-json\/wp\/v2\/posts\/6766"}],"collection":[{"href":"https:\/\/www.r2cpress.com.br\/v1\/wp-json\/wp\/v2\/posts"}],"about":[{"href":"https:\/\/www.r2cpress.com.br\/v1\/wp-json\/wp\/v2\/types\/post"}],"author":[{"embeddable":true,"href":"https:\/\/www.r2cpress.com.br\/v1\/wp-json\/wp\/v2\/users\/2"}],"replies":[{"embeddable":true,"href":"https:\/\/www.r2cpress.com.br\/v1\/wp-json\/wp\/v2\/comments?post=6766"}],"version-history":[{"count":2,"href":"https:\/\/www.r2cpress.com.br\/v1\/wp-json\/wp\/v2\/posts\/6766\/revisions"}],"predecessor-version":[{"id":6769,"href":"https:\/\/www.r2cpress.com.br\/v1\/wp-json\/wp\/v2\/posts\/6766\/revisions\/6769"}],"wp:attachment":[{"href":"https:\/\/www.r2cpress.com.br\/v1\/wp-json\/wp\/v2\/media?parent=6766"}],"wp:term":[{"taxonomy":"category","embeddable":true,"href":"https:\/\/www.r2cpress.com.br\/v1\/wp-json\/wp\/v2\/categories?post=6766"},{"taxonomy":"post_tag","embeddable":true,"href":"https:\/\/www.r2cpress.com.br\/v1\/wp-json\/wp\/v2\/tags?post=6766"}],"curies":[{"name":"wp","href":"https:\/\/api.w.org\/{rel}","templated":true}]}}