{"id":6770,"date":"2011-01-17T20:13:29","date_gmt":"2011-01-17T23:13:29","guid":{"rendered":"http:\/\/www.r2cpress.com.br\/v1\/?p=6770"},"modified":"2011-01-17T20:13:29","modified_gmt":"2011-01-17T23:13:29","slug":"nacional-bate-o-martelo-e-quintino-barbosa-sera-o-treinador-em-2011","status":"publish","type":"post","link":"https:\/\/www.r2cpress.com.br\/v1\/2011\/01\/17\/nacional-bate-o-martelo-e-quintino-barbosa-sera-o-treinador-em-2011\/","title":{"rendered":"Nacional bate o martelo e Quintino Barbosa ser\u00e1 o treinador em 2011"},"content":{"rendered":"<p><strong>quinta-feira, 13 de janeiro de 2011<\/strong><\/p>\n<p><center><a href=\"http:\/\/www.r2cpress.com.br\/v1\/wp-content\/uploads\/quintino.jpg\"><img loading=\"lazy\" src=\"http:\/\/www.r2cpress.com.br\/v1\/wp-content\/uploads\/quintino-300x225.jpg\" alt=\"\" title=\"quintino\" width=\"300\" height=\"225\" class=\"alignnone size-medium wp-image-6771\" srcset=\"https:\/\/www.r2cpress.com.br\/v1\/wp-content\/uploads\/quintino-300x225.jpg 300w, https:\/\/www.r2cpress.com.br\/v1\/wp-content\/uploads\/quintino.jpg 384w\" sizes=\"(max-width: 300px) 100vw, 300px\" \/><\/a><\/center><\/p>\n<p> Finalmente o Nacional de Patos come\u00e7a a movimentar-se em rela\u00e7\u00e3o \u00e0 temporada 2011. A diretoria do \u201cVerd\u00e3o\u201d acertou a contrata\u00e7\u00e3o do treinador Quintino Barbosa. O namoro entre o t\u00e9cnico e o \u201cNa\u00e7a\u201d vinha ganhando ares de final feliz e como em uma novela que se preza, terminou tudo bem.<\/p>\n<p>O treinador estava no comando do Colo-Colo no futebol baiano, e depois de ser cogitado para vir trabalhar em Patos, ficou a d\u00favida em qual das equipes da cidade? Isso porque enquanto o Nacional negociava com Quintino, o nome do treinador chegou a ser cogitado no Esporte. Mas o t\u00e9cnico terminou mesmo indo para o \u201cVerd\u00e3o Maravilha\u201d, time o qual iniciou as negocia\u00e7\u00f5es antes de ser focado no &#8220;Patinho&#8221;.<\/p>\n<p><!--more--><\/p>\n<p>Como todos os clubes da primeira divis\u00e3o j\u00e1 iniciaram seus trabalhos de pr\u00e9-temporada, e o Nacional ainda est\u00e1 voltando da disputa da Copa S\u00e3o Paulo de Futebol J\u00fanior,  \u00e9 incerta a data da apresenta\u00e7\u00e3o do novo treinador. Quintino Barbosa tamb\u00e9m ter\u00e1 a miss\u00e3o de trazer alguns jogadores para compor o elenco que disputar\u00e1 o campeonato paraibano 2011.<\/p>\n<p>Com passagens pelo futebol sergipano, baiano e pernambucano, Quintino Barbosa j\u00e1 treinou aqui na Para\u00edba a Queimadense e o Treze. Ele chega para tentar fazer com que o Nacional alcance o G4 do certame estadual. Segundo o presidente Jos\u00e9 Ivan dos Santos a torcida conhecer\u00e1 o novo elenco nacionalino na pr\u00f3xima semana, o dia n\u00e3o est\u00e1 definido, por\u00e9m a inten\u00e7\u00e3o da diretoria do clube, \u00e9 fazer a apresenta\u00e7\u00e3o na pr\u00f3xima segunda-feira dia 17.<\/p>\n<p><em><strong>Fonte: Patos Online<\/strong> <\/em><\/p>\n<p>No <a href = \"http:\/\/www.diarioesportivo.net\/2011\/01\/nacional-bate-o-martelo-e-quintino.html\" target = \"_news\"><b>Di\u00e1rio Esportivo.Net<\/b><\/a><\/p>\n","protected":false},"excerpt":{"rendered":"<p>quinta-feira, 13 de janeiro de 2011 Finalmente o Nacional de Patos come\u00e7a a movimentar-se em rela\u00e7\u00e3o \u00e0 temporada 2011. A diretoria do \u201cVerd\u00e3o\u201d acertou a contrata\u00e7\u00e3o do treinador Quintino Barbosa. O namoro entre o t\u00e9cnico e o \u201cNa\u00e7a\u201d vinha ganhando ares de final feliz e como em uma novela que se preza, terminou tudo bem. [&hellip;]<\/p>\n","protected":false},"author":2,"featured_media":0,"comment_status":"open","ping_status":"open","sticky":false,"template":"","format":"standard","meta":{"_links_to":"","_links_to_target":""},"categories":[11],"tags":[],"_links":{"self":[{"href":"https:\/\/www.r2cpress.com.br\/v1\/wp-json\/wp\/v2\/posts\/6770"}],"collection":[{"href":"https:\/\/www.r2cpress.com.br\/v1\/wp-json\/wp\/v2\/posts"}],"about":[{"href":"https:\/\/www.r2cpress.com.br\/v1\/wp-json\/wp\/v2\/types\/post"}],"author":[{"embeddable":true,"href":"https:\/\/www.r2cpress.com.br\/v1\/wp-json\/wp\/v2\/users\/2"}],"replies":[{"embeddable":true,"href":"https:\/\/www.r2cpress.com.br\/v1\/wp-json\/wp\/v2\/comments?post=6770"}],"version-history":[{"count":2,"href":"https:\/\/www.r2cpress.com.br\/v1\/wp-json\/wp\/v2\/posts\/6770\/revisions"}],"predecessor-version":[{"id":6773,"href":"https:\/\/www.r2cpress.com.br\/v1\/wp-json\/wp\/v2\/posts\/6770\/revisions\/6773"}],"wp:attachment":[{"href":"https:\/\/www.r2cpress.com.br\/v1\/wp-json\/wp\/v2\/media?parent=6770"}],"wp:term":[{"taxonomy":"category","embeddable":true,"href":"https:\/\/www.r2cpress.com.br\/v1\/wp-json\/wp\/v2\/categories?post=6770"},{"taxonomy":"post_tag","embeddable":true,"href":"https:\/\/www.r2cpress.com.br\/v1\/wp-json\/wp\/v2\/tags?post=6770"}],"curies":[{"name":"wp","href":"https:\/\/api.w.org\/{rel}","templated":true}]}}