{"id":67876,"date":"2013-06-26T11:20:11","date_gmt":"2013-06-26T14:20:11","guid":{"rendered":"http:\/\/www.r2cpress.com.br\/v1\/?p=67876"},"modified":"2013-06-26T11:20:11","modified_gmt":"2013-06-26T14:20:11","slug":"barao-de-popoff-em-cartaz-nota-dez","status":"publish","type":"post","link":"https:\/\/www.r2cpress.com.br\/v1\/2013\/06\/26\/barao-de-popoff-em-cartaz-nota-dez\/","title":{"rendered":"Bar\u00e3o de Popoff em: Cartaz Nota DEZ"},"content":{"rendered":"<p><center><img loading=\"lazy\" src=\"http:\/\/www.r2cpress.com.br\/v1\/wp-content\/uploads\/POPOFF-MOLDURA-AZUL-300x225.jpg\" width=\"300\" height=\"225\" class=\"aligncenter\" \/><br \/>\n<em><strong>&#8220;SE SEU FILHO  ADOECER, LEVE ELE A UM EST\u00c1DIO&#8221;<\/strong><\/em><br \/>\n<em>Cartaz exibido durante manifesta\u00e7\u00e3o em Belo Horizonte<\/em><\/center><\/p>\n<p><center><strong>1931<\/strong><br \/>\nSeis\/Anos\/Tinha<br \/>\nDa\/Escola\/Zefa\/Chego<br \/>\nChoramingando\/Digo:<br \/>\n&#8211;  V\u00f3\/Professora\/Me\/Castigou<br \/>\nR\u00e1pido\/Responde\/V\u00f3:<br \/>\n&#8211; Viu &#8230;\/Se\/Voc\u00ea\/Fizesse\/O\/Dever<br \/>\nEla\/Castigaria?\/Castigaria? &#8230;<\/p>\n<p><strong>2013<\/strong><br \/>\nOitenta\/Dois\/Depois<br \/>\nNas\/Telas\/Das\/Tvs<br \/>\nAmarelada\/Veste<br \/>\nA\/Choramingar<br \/>\n+ ou -\/Diz:<br \/>\n&#8211; Fizemos\/Isso\/Aquilo\/Vou\/Fazer<br \/>\nPor\/Que\/Tanto\/Levante?&#8230;<br \/>\nComo\/V\u00f3\/Povo\/Responde:<br \/>\n-Viu&#8230;\/Se\/Direito\/Governasse<br \/>\nEles\/Levantariam?&#8230;\/Levantariam?&#8230;<\/p>\n<p><strong>Nota<\/strong><br \/>\nNossa passeata outro dia, na TV elogiada foi.<br \/>\nDia 28 outra haver\u00e1.<br \/>\nSe voc\u00ea quebrar \u00e9 porque \u00e9 do lado de l\u00e1.<\/center><\/p>\n","protected":false},"excerpt":{"rendered":"<p>&#8220;SE SEU FILHO ADOECER, LEVE ELE A UM EST\u00c1DIO&#8221; Cartaz exibido durante manifesta\u00e7\u00e3o em Belo Horizonte 1931 Seis\/Anos\/Tinha Da\/Escola\/Zefa\/Chego Choramingando\/Digo: &#8211; V\u00f3\/Professora\/Me\/Castigou R\u00e1pido\/Responde\/V\u00f3: &#8211; Viu &#8230;\/Se\/Voc\u00ea\/Fizesse\/O\/Dever Ela\/Castigaria?\/Castigaria? &#8230; 2013 Oitenta\/Dois\/Depois Nas\/Telas\/Das\/Tvs Amarelada\/Veste A\/Choramingar + ou -\/Diz: &#8211; Fizemos\/Isso\/Aquilo\/Vou\/Fazer Por\/Que\/Tanto\/Levante?&#8230; Como\/V\u00f3\/Povo\/Responde: -Viu&#8230;\/Se\/Direito\/Governasse Eles\/Levantariam?&#8230;\/Levantariam?&#8230; Nota Nossa passeata outro dia, na TV elogiada foi. Dia 28 outra haver\u00e1. [&hellip;]<\/p>\n","protected":false},"author":2,"featured_media":0,"comment_status":"open","ping_status":"open","sticky":false,"template":"","format":"standard","meta":{"_links_to":"","_links_to_target":""},"categories":[30],"tags":[],"_links":{"self":[{"href":"https:\/\/www.r2cpress.com.br\/v1\/wp-json\/wp\/v2\/posts\/67876"}],"collection":[{"href":"https:\/\/www.r2cpress.com.br\/v1\/wp-json\/wp\/v2\/posts"}],"about":[{"href":"https:\/\/www.r2cpress.com.br\/v1\/wp-json\/wp\/v2\/types\/post"}],"author":[{"embeddable":true,"href":"https:\/\/www.r2cpress.com.br\/v1\/wp-json\/wp\/v2\/users\/2"}],"replies":[{"embeddable":true,"href":"https:\/\/www.r2cpress.com.br\/v1\/wp-json\/wp\/v2\/comments?post=67876"}],"version-history":[{"count":5,"href":"https:\/\/www.r2cpress.com.br\/v1\/wp-json\/wp\/v2\/posts\/67876\/revisions"}],"predecessor-version":[{"id":67881,"href":"https:\/\/www.r2cpress.com.br\/v1\/wp-json\/wp\/v2\/posts\/67876\/revisions\/67881"}],"wp:attachment":[{"href":"https:\/\/www.r2cpress.com.br\/v1\/wp-json\/wp\/v2\/media?parent=67876"}],"wp:term":[{"taxonomy":"category","embeddable":true,"href":"https:\/\/www.r2cpress.com.br\/v1\/wp-json\/wp\/v2\/categories?post=67876"},{"taxonomy":"post_tag","embeddable":true,"href":"https:\/\/www.r2cpress.com.br\/v1\/wp-json\/wp\/v2\/tags?post=67876"}],"curies":[{"name":"wp","href":"https:\/\/api.w.org\/{rel}","templated":true}]}}