{"id":67886,"date":"2013-06-26T11:49:59","date_gmt":"2013-06-26T14:49:59","guid":{"rendered":"http:\/\/www.r2cpress.com.br\/v1\/?p=67886"},"modified":"2013-06-26T11:49:59","modified_gmt":"2013-06-26T14:49:59","slug":"governador-autoriza-construcao-de-nova-ponte-ilheus-pontal","status":"publish","type":"post","link":"https:\/\/www.r2cpress.com.br\/v1\/2013\/06\/26\/governador-autoriza-construcao-de-nova-ponte-ilheus-pontal\/","title":{"rendered":"Governador autoriza constru\u00e7\u00e3o de nova ponte Ilh\u00e9us \u2013 Pontal"},"content":{"rendered":"<p>Cerca de 176 mil moradores dos munic\u00edpios de Ilh\u00e9us, Itabuna, Una e Itacar\u00e9, no sul da Bahia, ser\u00e3o beneficiados com a constru\u00e7\u00e3o da nova ponte Ilh\u00e9us \u2013 Pontal. Nesta quinta-feira (27), \u00e0s 10h, em Ilh\u00e9us, o governador Jaques Wagner autoriza o Departamento de Infraestrutura de Transportes da Bahia (Derba), vinculado \u00e0 Secretaria Estadual de Infraestrutura, a emitir ordem de servi\u00e7o para in\u00edcio da obra.<\/p>\n<p>A obra \u00e9 um trecho da rodovia BA \u2013 001 e est\u00e1 prevista a constru\u00e7\u00e3o de 2,24 quil\u00f4metros de sistema vi\u00e1rio e uma nova ponte de 497 metros sobre o Rio Cachoeira. O investimento est\u00e1 or\u00e7ado em R$ 165,2 milh\u00f5es.<\/p>\n<p>&#8230;<br \/>\nSecom  &#8211; Secretaria de Comunica\u00e7\u00e3o Social &#8211; Governo da Bahia<\/p>\n","protected":false},"excerpt":{"rendered":"<p>Cerca de 176 mil moradores dos munic\u00edpios de Ilh\u00e9us, Itabuna, Una e Itacar\u00e9, no sul da Bahia, ser\u00e3o beneficiados com a constru\u00e7\u00e3o da nova ponte Ilh\u00e9us \u2013 Pontal. Nesta quinta-feira (27), \u00e0s 10h, em Ilh\u00e9us, o governador Jaques Wagner autoriza o Departamento de Infraestrutura de Transportes da Bahia (Derba), vinculado \u00e0 Secretaria Estadual de Infraestrutura, [&hellip;]<\/p>\n","protected":false},"author":2,"featured_media":0,"comment_status":"open","ping_status":"open","sticky":false,"template":"","format":"standard","meta":{"_links_to":"","_links_to_target":""},"categories":[29],"tags":[],"_links":{"self":[{"href":"https:\/\/www.r2cpress.com.br\/v1\/wp-json\/wp\/v2\/posts\/67886"}],"collection":[{"href":"https:\/\/www.r2cpress.com.br\/v1\/wp-json\/wp\/v2\/posts"}],"about":[{"href":"https:\/\/www.r2cpress.com.br\/v1\/wp-json\/wp\/v2\/types\/post"}],"author":[{"embeddable":true,"href":"https:\/\/www.r2cpress.com.br\/v1\/wp-json\/wp\/v2\/users\/2"}],"replies":[{"embeddable":true,"href":"https:\/\/www.r2cpress.com.br\/v1\/wp-json\/wp\/v2\/comments?post=67886"}],"version-history":[{"count":2,"href":"https:\/\/www.r2cpress.com.br\/v1\/wp-json\/wp\/v2\/posts\/67886\/revisions"}],"predecessor-version":[{"id":67888,"href":"https:\/\/www.r2cpress.com.br\/v1\/wp-json\/wp\/v2\/posts\/67886\/revisions\/67888"}],"wp:attachment":[{"href":"https:\/\/www.r2cpress.com.br\/v1\/wp-json\/wp\/v2\/media?parent=67886"}],"wp:term":[{"taxonomy":"category","embeddable":true,"href":"https:\/\/www.r2cpress.com.br\/v1\/wp-json\/wp\/v2\/categories?post=67886"},{"taxonomy":"post_tag","embeddable":true,"href":"https:\/\/www.r2cpress.com.br\/v1\/wp-json\/wp\/v2\/tags?post=67886"}],"curies":[{"name":"wp","href":"https:\/\/api.w.org\/{rel}","templated":true}]}}