{"id":67902,"date":"2013-06-26T12:11:32","date_gmt":"2013-06-26T15:11:32","guid":{"rendered":"http:\/\/www.r2cpress.com.br\/v1\/?p=67902"},"modified":"2013-06-26T12:11:32","modified_gmt":"2013-06-26T15:11:32","slug":"soldado-encontrado-morto-sera-sepultado-na-tarde-desta-quarta","status":"publish","type":"post","link":"https:\/\/www.r2cpress.com.br\/v1\/2013\/06\/26\/soldado-encontrado-morto-sera-sepultado-na-tarde-desta-quarta\/","title":{"rendered":"Soldado encontrado morto ser\u00e1 sepultado na tarde desta quarta"},"content":{"rendered":"<p>O soldado Joseilson Fonseca Pereira, lotado no departamento de transportes da Casa Militar do Governador, foi encontrado morto, nesta ter\u00e7a-feira (25), com um tiro no t\u00f3rax, no povoado de Lagoa da Ro\u00e7a, no munic\u00edpio de Campo Formoso, a 400 quil\u00f4metros de Salvador.<\/p>\n<p>Soldado Fonseca, 39 anos, era casado, 16 anos de corpora\u00e7\u00e3o e estava de folga na ocasi\u00e3o. O corpo j\u00e1 foi periciado, liberado e o sepultamento est\u00e1 previsto para as 13 horas, desta quarta-feira(26), naquele munic\u00edpio.<\/p>\n<p>A Pol\u00edcia Civil est\u00e1 investigando o caso e aguarda o resultado dos exames periciais para concluir o inqu\u00e9rito. A Casa Militar lamenta o ocorrido e se solidariza com a fam\u00edlia da v\u00edtima.<\/p>\n<p>&#8230;<br \/>\nSecom  &#8211; Secretaria de Comunica\u00e7\u00e3o Social &#8211; Governo da Bahia<\/p>\n","protected":false},"excerpt":{"rendered":"<p>O soldado Joseilson Fonseca Pereira, lotado no departamento de transportes da Casa Militar do Governador, foi encontrado morto, nesta ter\u00e7a-feira (25), com um tiro no t\u00f3rax, no povoado de Lagoa da Ro\u00e7a, no munic\u00edpio de Campo Formoso, a 400 quil\u00f4metros de Salvador. Soldado Fonseca, 39 anos, era casado, 16 anos de corpora\u00e7\u00e3o e estava de [&hellip;]<\/p>\n","protected":false},"author":2,"featured_media":0,"comment_status":"open","ping_status":"open","sticky":false,"template":"","format":"standard","meta":{"_links_to":"","_links_to_target":""},"categories":[29],"tags":[],"_links":{"self":[{"href":"https:\/\/www.r2cpress.com.br\/v1\/wp-json\/wp\/v2\/posts\/67902"}],"collection":[{"href":"https:\/\/www.r2cpress.com.br\/v1\/wp-json\/wp\/v2\/posts"}],"about":[{"href":"https:\/\/www.r2cpress.com.br\/v1\/wp-json\/wp\/v2\/types\/post"}],"author":[{"embeddable":true,"href":"https:\/\/www.r2cpress.com.br\/v1\/wp-json\/wp\/v2\/users\/2"}],"replies":[{"embeddable":true,"href":"https:\/\/www.r2cpress.com.br\/v1\/wp-json\/wp\/v2\/comments?post=67902"}],"version-history":[{"count":2,"href":"https:\/\/www.r2cpress.com.br\/v1\/wp-json\/wp\/v2\/posts\/67902\/revisions"}],"predecessor-version":[{"id":67904,"href":"https:\/\/www.r2cpress.com.br\/v1\/wp-json\/wp\/v2\/posts\/67902\/revisions\/67904"}],"wp:attachment":[{"href":"https:\/\/www.r2cpress.com.br\/v1\/wp-json\/wp\/v2\/media?parent=67902"}],"wp:term":[{"taxonomy":"category","embeddable":true,"href":"https:\/\/www.r2cpress.com.br\/v1\/wp-json\/wp\/v2\/categories?post=67902"},{"taxonomy":"post_tag","embeddable":true,"href":"https:\/\/www.r2cpress.com.br\/v1\/wp-json\/wp\/v2\/tags?post=67902"}],"curies":[{"name":"wp","href":"https:\/\/api.w.org\/{rel}","templated":true}]}}