{"id":67915,"date":"2013-06-26T13:52:02","date_gmt":"2013-06-26T16:52:02","guid":{"rendered":"http:\/\/www.r2cpress.com.br\/v1\/?p=67915"},"modified":"2013-06-26T13:52:02","modified_gmt":"2013-06-26T16:52:02","slug":"viva-ilheus-shows-de-forro-no-aniversario-da-cidade","status":"publish","type":"post","link":"https:\/\/www.r2cpress.com.br\/v1\/2013\/06\/26\/viva-ilheus-shows-de-forro-no-aniversario-da-cidade\/","title":{"rendered":"Viva Ilh\u00e9us: shows de forr\u00f3 no anivers\u00e1rio da cidade"},"content":{"rendered":"<p>Ilh\u00e9us completa 479 anos de funda\u00e7\u00e3o e 132 de emancipa\u00e7\u00e3o pol\u00edtica nesta sexta-feira, 28 de junho. Para comemorar o anivers\u00e1rio da cidade, a Prefeitura e o Governo do Estado promovem o evento junino Viva Ilh\u00e9us, nos dias 27, 28 e 29, na Avenida Soares Lopes (Pra\u00e7a da Catedral), com a participa\u00e7\u00e3o de diversas bandas de forr\u00f3. Na abertura, nesta quinta-feira, a partir das 20 horas, haver\u00e1 apresenta\u00e7\u00f5es das bandas Flor de Forr\u00f3, Itassucy e Balaio de Gato, Daniel Vieira e Estakazero, divididas entre o palco principal e o palco auxiliar.<br \/>\n<div id=\"attachment_67916\" style=\"width: 510px\" class=\"wp-caption aligncenter\"><a href=\"http:\/\/www.r2cpress.com.br\/v1\/wp-content\/uploads\/Estakazero-Divulga\u00e7\u00e3o.jpg\"><img aria-describedby=\"caption-attachment-67916\" loading=\"lazy\" src=\"http:\/\/www.r2cpress.com.br\/v1\/wp-content\/uploads\/Estakazero-Divulga\u00e7\u00e3o.jpg\" alt=\"Estakazero - Divulga\u00e7\u00e3o\" width=\"500\" height=\"373\" class=\"size-full wp-image-67916\" srcset=\"https:\/\/www.r2cpress.com.br\/v1\/wp-content\/uploads\/Estakazero-Divulga\u00e7\u00e3o.jpg 500w, https:\/\/www.r2cpress.com.br\/v1\/wp-content\/uploads\/Estakazero-Divulga\u00e7\u00e3o-300x223.jpg 300w\" sizes=\"(max-width: 500px) 100vw, 500px\" \/><\/a><p id=\"caption-attachment-67916\" class=\"wp-caption-text\">Estakazero &#8211; Divulga\u00e7\u00e3o<\/p><\/div><br \/>\nA festa do Viva Ilh\u00e9us foi viabilizada em virtude do patroc\u00ednio do governo estadual para a temporada junina, o que garantiu a contrata\u00e7\u00e3o das bandas musicais. Como o munic\u00edpio enfrenta dificuldades financeiras, o prefeito Jabes Ribeiro decidiu concentrar a festa junina no per\u00edodo do anivers\u00e1rio da cidade. \u201cSomente gra\u00e7as a este apoio do governador Jaques Wagner e do secret\u00e1rio de Turismo, Domingos Leonelli, \u00e9 que podemos realizar esse evento de comemora\u00e7\u00e3o do anivers\u00e1rio de nossa cidade\u201d, afirmou o prefeito.<br \/>\n<!--more--><br \/>\nConforme a programa\u00e7\u00e3o divulgada pela Secretaria Municipal de Turismo (Setur), no dia 28, sexta-feira, o Viva Ilh\u00e9us ter\u00e1 shows, a partir das 19 horas, das bandas Xote Apimentado, Zabumbahia e Colher de Pau, no palco principal, e de M\u00e1rcia Alencar e Luiz Bob e os Gonzaga, no palco auxiliar.  No s\u00e1bado, \u00faltimo dia do evento, as atra\u00e7\u00f5es s\u00e3o Circuito do Forr\u00f3, Mel de Forr\u00f3 e Cacau com Leite, no palco principal, e das bandas Stampa do Forr\u00f3 e Forr\u00f3 4 Esta\u00e7\u00f5es,  no palco auxiliar.<\/p>\n<p>Infraestrutura &#8211; O Viva Ilh\u00e9us \u00e9 um projeto que une as secretarias municipais de Turismo e de Cultura, com o apoio de outras pastas, como Desenvolvimento Urbano, Sa\u00fade, Meio Ambiente e Urbanismo. A empresa Tmais Servi\u00e7os, Loca\u00e7\u00f5es e Eventos Ltda venceu a licita\u00e7\u00e3o realizada para a produ\u00e7\u00e3o e gerenciamento do evento. A Prefeitura garante a demanda de infraestrutura do Viva Ilh\u00e9us, com servi\u00e7os essenciais de limpeza, ilumina\u00e7\u00e3o, atendimento \u00e0 sa\u00fade, fiscaliza\u00e7\u00e3o, transportes e tr\u00e2nsito, suporte para seguran\u00e7a, entre outros. Nos dias 27, 28 e 29, a festa ter\u00e1 in\u00edcio por volta das 18 horas, sempre com a apresenta\u00e7\u00e3o das quadrilhas juninas.<\/p>\n<p>&#8212;<br \/>\nSecretaria de Comunica\u00e7\u00e3o Social (Secom)<br \/>\nIlh\u00e9us \u2013 26.06.2013<\/p>\n","protected":false},"excerpt":{"rendered":"<p>Ilh\u00e9us completa 479 anos de funda\u00e7\u00e3o e 132 de emancipa\u00e7\u00e3o pol\u00edtica nesta sexta-feira, 28 de junho. Para comemorar o anivers\u00e1rio da cidade, a Prefeitura e o Governo do Estado promovem o evento junino Viva Ilh\u00e9us, nos dias 27, 28 e 29, na Avenida Soares Lopes (Pra\u00e7a da Catedral), com a participa\u00e7\u00e3o de diversas bandas de [&hellip;]<\/p>\n","protected":false},"author":2,"featured_media":0,"comment_status":"open","ping_status":"open","sticky":false,"template":"","format":"standard","meta":{"_links_to":"","_links_to_target":""},"categories":[23],"tags":[],"_links":{"self":[{"href":"https:\/\/www.r2cpress.com.br\/v1\/wp-json\/wp\/v2\/posts\/67915"}],"collection":[{"href":"https:\/\/www.r2cpress.com.br\/v1\/wp-json\/wp\/v2\/posts"}],"about":[{"href":"https:\/\/www.r2cpress.com.br\/v1\/wp-json\/wp\/v2\/types\/post"}],"author":[{"embeddable":true,"href":"https:\/\/www.r2cpress.com.br\/v1\/wp-json\/wp\/v2\/users\/2"}],"replies":[{"embeddable":true,"href":"https:\/\/www.r2cpress.com.br\/v1\/wp-json\/wp\/v2\/comments?post=67915"}],"version-history":[{"count":2,"href":"https:\/\/www.r2cpress.com.br\/v1\/wp-json\/wp\/v2\/posts\/67915\/revisions"}],"predecessor-version":[{"id":67918,"href":"https:\/\/www.r2cpress.com.br\/v1\/wp-json\/wp\/v2\/posts\/67915\/revisions\/67918"}],"wp:attachment":[{"href":"https:\/\/www.r2cpress.com.br\/v1\/wp-json\/wp\/v2\/media?parent=67915"}],"wp:term":[{"taxonomy":"category","embeddable":true,"href":"https:\/\/www.r2cpress.com.br\/v1\/wp-json\/wp\/v2\/categories?post=67915"},{"taxonomy":"post_tag","embeddable":true,"href":"https:\/\/www.r2cpress.com.br\/v1\/wp-json\/wp\/v2\/tags?post=67915"}],"curies":[{"name":"wp","href":"https:\/\/api.w.org\/{rel}","templated":true}]}}