{"id":67927,"date":"2013-06-26T18:21:17","date_gmt":"2013-06-26T21:21:17","guid":{"rendered":"http:\/\/www.r2cpress.com.br\/v1\/?p=67927"},"modified":"2013-06-26T18:21:17","modified_gmt":"2013-06-26T21:21:17","slug":"novo-horario-para-assinatura-de-ordem-de-servico-da-nova-ponte","status":"publish","type":"post","link":"https:\/\/www.r2cpress.com.br\/v1\/2013\/06\/26\/novo-horario-para-assinatura-de-ordem-de-servico-da-nova-ponte\/","title":{"rendered":"NOVO HOR\u00c1RIO PARA ASSINATURA DE ORDEM DE SERVI\u00c7O DA NOVA PONTE"},"content":{"rendered":"<p>Atendendo a solicita\u00e7\u00e3o da equipe do cerimonial do governador da Bahia, Jaques Wagner, o hor\u00e1rio de assinatura da ordem de servi\u00e7o para o in\u00edcio da constru\u00e7\u00e3o da nova ponte que far\u00e1 a liga\u00e7\u00e3o entre o centro \u00e0 regi\u00e3o sul de ilh\u00e9us ser\u00e1 antecipado para as 10 horas, desta quinta-feira, dia 27, no Hotel Praia do Sol, situado no km 01 da Rodovia Ilh\u00e9us-Canavieiras. Abaixo e em anexo, segue o texto com o novo hor\u00e1rio.<\/p>\n<p><strong>Ilh\u00e9us comemora 479 anos com diversos eventos<\/strong><\/p>\n<p>A programa\u00e7\u00e3o do anivers\u00e1rio de 479 anos de funda\u00e7\u00e3o de Ilh\u00e9us e de 132 anos de eleva\u00e7\u00e3o \u00e0 categoria de cidade ser\u00e1 aberta nesta quinta-feira, dia 27 de junho, com a visita do governador da Bahia, Jaques Wagner, que, ao lado do prefeito Jabes Ribeiro, assina a ordem de servi\u00e7o para o in\u00edcio da constru\u00e7\u00e3o da nova ponte de liga\u00e7\u00e3o entre o centro e a zona sul da cidade, antiga reivindica\u00e7\u00e3o da popula\u00e7\u00e3o local. A cerim\u00f4nia acontecer\u00e1, \u00e0s 10 horas, no sal\u00e3o de conven\u00e7\u00f5es do Hotel Praia do Sol, situado no km 01 da Rodovia Ilh\u00e9us-Canavieiras.<\/p>\n<p>Logo ap\u00f3s a assinatura da ordem de servi\u00e7o, o prefeito Jabes Ribeiro homenagear\u00e1 o governador Jaques Wagner com a outorga da Comenda do M\u00e9rito de S\u00e3o Jorge dos Ilh\u00e9us, a mais alta condecora\u00e7\u00e3o concedida pelo Munic\u00edpio a personalidades que tenham prestado servi\u00e7os relevantes em prol do seu desenvolvimento.  A Comenda foi criada pela lei 2.191, de 21 de agosto de 1985, por iniciativa do ent\u00e3o prefeito Jabes Ribeiro, e publicada no Jornal Oficial do Munic\u00edpio datado de 1\u00ba de novembro do mesmo ano.<\/p>\n<p><!--more--><\/p>\n<p>Ainda nesta quinta-feira, \u00e0s 17 horas, na Academia de Letras de Ilh\u00e9us (ALI), ser\u00e1 proferida a palestra \u2018Caryb\u00e9 e Jorge, uma amizade centen\u00e1ria\u2019, pela escritora Solange Bernab\u00f3. Logo em seguida, o prefeito Jabes Ribeiro far\u00e1 a abertura da exposi\u00e7\u00e3o \u2018Caryb\u00e9 ilustra Jorge Amado\u2019, na Galeria do Teatro Municipal, composta por ilustra\u00e7\u00f5es de Caryb\u00e9 feitas para diversas obras de Jorge Amado, a exemplo de Gabriela, Cravo e Canela, O Sumi\u00e7o da Santa, Jubiab\u00e1 e outras.<\/p>\n<p>A partir das 20 horas, tem in\u00edcio o evento musical Viva Ilh\u00e9us, na Pra\u00e7a Dom Eduardo, com a participa\u00e7\u00e3o das bandas Flor de Forr\u00f3, Itassucy e Balaio de Gato, Daniel Vieira e Estakazero.<\/p>\n<p>Data oficial \u2013 Na data oficial de comemora\u00e7\u00e3o do anivers\u00e1rio de Ilh\u00e9us, pr\u00f3xima sexta-feira, dia 28, ser\u00e1 realizada a solenidade de hasteamento das bandeiras de Ilh\u00e9us, da Bahia e do Brasil, \u00e0s 8h30, no pavilh\u00e3o da Pra\u00e7a Dom Eduardo. Em seguida, haver\u00e1 a celebra\u00e7\u00e3o de missa solene na Catedral de S\u00e3o Sebasti\u00e3o. \u00c0s 19 horas, prosseguem os shows do Viva Ilh\u00e9us, tamb\u00e9m na Pra\u00e7a Dom Eduardo, com as bandas Xote Apimentado, Zabumbahia, Colher de Pau, a cantora M\u00e1rcia Alencar e Luiz Bob e os Gonzaga.<\/p>\n<p>A programa\u00e7\u00e3o do Viva Ilh\u00e9us continua no s\u00e1bado, dia 29, a partir das 19 horas, com apresenta\u00e7\u00e3o das bandas Circuito do Forr\u00f3, Mel de Forr\u00f3, Cacau com Leite, Stampa do Forr\u00f3 e Forr\u00f3 4 Esta\u00e7\u00f5es. J\u00e1 na segunda-feira, dia 1\u00ba de julho, \u00e0s 15 horas, no Sal\u00e3o Nobre do Pal\u00e1cio Paranagu\u00e1, ocorrer\u00e1 a assinatura do conv\u00eanio entre a Prefeitura e o Grupo Andr\u00e9 Guimar\u00e3es para o Programa de Ado\u00e7\u00e3o de Pra\u00e7as P\u00fablicas (PAP), conforme a Lei 3.303\/2007.<\/p>\n<p>A programa\u00e7\u00e3o festiva do anivers\u00e1rio de Ilh\u00e9us prossegue no dia 3 de julho, \u00e0s 19 horas, com a abertura do V Festival do Chocolate, no Centro de Conven\u00e7\u00f5es de Ilh\u00e9us, uma realiza\u00e7\u00e3o da Associa\u00e7\u00e3o de Turismo de Ilh\u00e9us (ATIL), cujo evento prossegue at\u00e9 o dia 7\/07.<\/p>\n<p>Ainda como parte das comemora\u00e7\u00f5es, estudantes da rede municipal e ilheenses poder\u00e3o conferir a exposi\u00e7\u00e3o \u2018Uma Viagem pelo Universo do Petr\u00f3leo\u2019, promovida pela BP Petr\u00f3leo, no Hotel Praia do Sol, entre os dias 8 e 14\/07, sempre a partir das 8 horas.<\/p>\n<p>Encerrando a programa\u00e7\u00e3o, entre os dias 11 e 13 de julho, a Prefeitura Municipal promove o F\u00f3rum Compromisso com Ilh\u00e9us. O evento vai ocorrer no audit\u00f3rio da Comiss\u00e3o Executiva do Plano da Lavoura Cacaueira (Ceplac), no per\u00edodo das 8 \u00e0s 17 horas.<\/p>\n<p>&#8212;<br \/>\nSecretaria de Comunica\u00e7\u00e3o Social (Secom)<br \/>\nIlh\u00e9us \u2013 26.06.2013<\/p>\n","protected":false},"excerpt":{"rendered":"<p>Atendendo a solicita\u00e7\u00e3o da equipe do cerimonial do governador da Bahia, Jaques Wagner, o hor\u00e1rio de assinatura da ordem de servi\u00e7o para o in\u00edcio da constru\u00e7\u00e3o da nova ponte que far\u00e1 a liga\u00e7\u00e3o entre o centro \u00e0 regi\u00e3o sul de ilh\u00e9us ser\u00e1 antecipado para as 10 horas, desta quinta-feira, dia 27, no Hotel Praia do [&hellip;]<\/p>\n","protected":false},"author":2,"featured_media":0,"comment_status":"open","ping_status":"open","sticky":false,"template":"","format":"standard","meta":{"_links_to":"","_links_to_target":""},"categories":[23],"tags":[],"_links":{"self":[{"href":"https:\/\/www.r2cpress.com.br\/v1\/wp-json\/wp\/v2\/posts\/67927"}],"collection":[{"href":"https:\/\/www.r2cpress.com.br\/v1\/wp-json\/wp\/v2\/posts"}],"about":[{"href":"https:\/\/www.r2cpress.com.br\/v1\/wp-json\/wp\/v2\/types\/post"}],"author":[{"embeddable":true,"href":"https:\/\/www.r2cpress.com.br\/v1\/wp-json\/wp\/v2\/users\/2"}],"replies":[{"embeddable":true,"href":"https:\/\/www.r2cpress.com.br\/v1\/wp-json\/wp\/v2\/comments?post=67927"}],"version-history":[{"count":2,"href":"https:\/\/www.r2cpress.com.br\/v1\/wp-json\/wp\/v2\/posts\/67927\/revisions"}],"predecessor-version":[{"id":67929,"href":"https:\/\/www.r2cpress.com.br\/v1\/wp-json\/wp\/v2\/posts\/67927\/revisions\/67929"}],"wp:attachment":[{"href":"https:\/\/www.r2cpress.com.br\/v1\/wp-json\/wp\/v2\/media?parent=67927"}],"wp:term":[{"taxonomy":"category","embeddable":true,"href":"https:\/\/www.r2cpress.com.br\/v1\/wp-json\/wp\/v2\/categories?post=67927"},{"taxonomy":"post_tag","embeddable":true,"href":"https:\/\/www.r2cpress.com.br\/v1\/wp-json\/wp\/v2\/tags?post=67927"}],"curies":[{"name":"wp","href":"https:\/\/api.w.org\/{rel}","templated":true}]}}