{"id":6793,"date":"2011-01-17T21:42:41","date_gmt":"2011-01-18T00:42:41","guid":{"rendered":"http:\/\/www.r2cpress.com.br\/v1\/?p=6793"},"modified":"2011-01-17T21:42:41","modified_gmt":"2011-01-18T00:42:41","slug":"a-coluna-do-jonildo-8","status":"publish","type":"post","link":"https:\/\/www.r2cpress.com.br\/v1\/2011\/01\/17\/a-coluna-do-jonildo-8\/","title":{"rendered":"A coluna do Jonildo"},"content":{"rendered":"<p><img align = \"right\" src = \"http:\/\/www.r2cpress.com.br\/v1\/wp-content\/uploads\/jonildo-perfil.jpg\"\/><strong>Oliven\u00e7a<\/strong><br \/>\nIlh\u00e9us \u00e9 uma vergonha e administrar Ilh\u00e9us, da forma como est\u00e1 sendo administrada, mais vergonhoso ainda.<br \/>\nQue me desculpe o cidad\u00e3o Newton Lima, a quem respeito e quero bem, a ele e a sua fam\u00edlia.<br \/>\nO \u00fanico sanit\u00e1rio masculino do parque Tororomba, em Oliven\u00e7a, foi completamente destru\u00eddo (da mesma forma que fizeram com a Pra\u00e7a Ruy Barbosa), no final de outubro. E continua l\u00e1, mais uma obra inacabada.<br \/>\nSe algu\u00e9m das centenas de usu\u00e1rios que pagam dois reais para freq\u00fcentar o local der um dor de barriga tem que ficar, entre o constrangimento e o p\u00e2nico, atr\u00e1s de uma porta velha escorada com peda\u00e7os de ferro e madeira, sentando no vaso sanit\u00e1rio quebrado. Se quiser fazer xixi que fa\u00e7a dentro das piscinas porque no sanit\u00e1rio tem um lat\u00e3o velho e enferrujado. Sem falar no risco de pisar num peda\u00e7o de ladrilho ou pregos espalhados pelo ch\u00e3o, isso mesmo ch\u00e3o, remexido e mal cimentado.<br \/>\nSe nessa cidade tivesse Vigil\u00e2ncia Sanit\u00e1ria ou Minist\u00e9rio Publico aquilo l\u00e1 j\u00e1 tinha sido fechado.<br \/>\nN\u00e3o \u00e9 o Prefeito quem conserta,isso eu sei.  Mas \u00e9 o Prefeito quem nomeia ou demite. Portanto&#8230;<\/p>\n<p><strong>Derba<\/strong><\/p>\n<p><!--more--><\/p>\n<p>Diante da amea\u00e7a de invas\u00f5es, constru\u00e7\u00f5es e comercializa\u00e7\u00f5es de terrenos irregulares nas \u00e1reas declaradas de Utilidades P\u00fablica para fins de Desapropria\u00e7\u00e3o e implanta\u00e7\u00e3o do Porto, P\u00f3lo Industrial e de Servi\u00e7os (Porto Sul), bem como do novo Aeroporto Regional, o Derba, est\u00e1 solicitando apoio da Associa\u00e7\u00e3o Comercial de Ilh\u00e9us e C\u00e2mara de Dirigentes Lojistas para exercerem vigil\u00e2ncia sist\u00eamica, a a\u00e7\u00f5es solicitadas \u00e0 Prefeitura Municipal.<br \/>\nO Governo do Estado da Bahia, atrav\u00e9s do Decreto n\u00ba 5751 de 10\/9\/1996 declarou de Utilidade P\u00fablica para fins de Desapropria\u00e7\u00e3o, a faixa de dom\u00ednio da Rodovia BA.001, no trecho entre Ilh\u00e9us-Itacar\u00e9, com extens\u00e3o de 64,62 KM com a finalidade de implanta\u00e7\u00e3o da referida Rodovia. J\u00e1 os Decretos 11.003, de 09\/4\/2008, 11.587. de 16\/6\/2009 e 12352 de 25\/8\/2010, tratam da desapropria\u00e7\u00e3o de \u00e1reas e benfeitorias ao longo da Rodovia, no trecho Ilh\u00e9us-Itacar\u00e9, com a finalidade de implanta\u00e7\u00e3o do Porto e P\u00f3lo Industrial e de Servi\u00e7os.<br \/>\n Tamb\u00e9m o Decreto n\u00ba 12.045, de 09\/4\/2010, que declara de Utilidade P\u00fablica, para efeito de Desapropria\u00e7\u00e3o, \u00e1reas e benfeitorias, visando \u00e0 implanta\u00e7\u00e3o de um novo Aeroporto Regional em Ilh\u00e9us. O Estado solicitou da Prefeitura Municipal para n\u00e3o fornecer Alvar\u00e1 de Constru\u00e7\u00e3o ou reforma de Im\u00f3veis que estejam ou venha situar-se nas \u00e1reas de abrang\u00eancia dos referidos Decretos Estaduais.<br \/>\nO Governo da Bahia, atrav\u00e9s do Derba, tem solicitado da Prefeitura aten\u00e7\u00e3o especial, na faixa da margem esquerda da Rodovia BA. 001, no trecho compreendido entre o Loteamento J\u00f3ia do Atl\u00e2ntico e a Ponta da Tulha, notadamente nos Loteamentos Barra Nova, Village da Barra, Barramares e Para\u00edso do Atl\u00e2ntico. Nesses locais, todos os im\u00f3veis ali constantes sejam residenciais ou comerciais, ser\u00e3o desapropriados para implanta\u00e7\u00e3o do Porto Sul. O assunto foi discutido segunda-feira na Asocia\u00e7\u00e3o Comercial de Ilh\u00e9us<\/p>\n<p><strong>Qual o papel? I<\/strong><br \/>\nQual o papel de uma Associa\u00e7\u00e3o Comercial para os seus associados, para a sociedade em geral e para o poder p\u00fablico como um todo? Principalmente quando essa institui\u00e7\u00e3o foi fundada no alvoro\u00e7o do cacau e completar\u00e1 cem anos no ocaso daquele modelo mono-econ\u00f4mico.<br \/>\nNo dia 20 pr\u00f3ximo, Newton Cruz, ser\u00e1 eleito, em chapa \u00fanica, presidente da Associa\u00e7\u00e3o Comercial de Ilh\u00e9us.<br \/>\nMas, ser\u00e1 que a sociedade realmente sabe quem o papel da sua centen\u00e1ria Associa\u00e7\u00e3o?<br \/>\nDiria que fundamentalmente a ACILh\u00e9us deve est\u00e1 sempre ao lado de quem quer um parceiro para o crescimento e qualifica\u00e7\u00e3o de seu neg\u00f3cio.<br \/>\nDiria ainda mais. \u00c9 uma institui\u00e7\u00e3o que deve fazer parte de uma grande rede institucional que se coloca ao lado de quem trabalha na defesa da sociedade e da economia de mercado.<br \/>\nUsando a sua linguagem, a Associa\u00e7\u00e3o Comercial trabalha com o objetivo de oportunizar que os empreendedores estejam em contato com empresas e pessoas que tenham os mesmos interesses e objetivos comuns: gerar neg\u00f3cios e desenvolvimento para suas organiza\u00e7\u00f5es, integrando um universo que re\u00fane dezenas de empresas e institui\u00e7\u00f5es dos mais variados segmentos produtivos.<\/p>\n<p><strong>Qual o papel ? II<\/strong><br \/>\nA uma Associa\u00e7\u00e3o Comercial cumpre, tamb\u00e9m, o papel pol\u00edtico, n\u00e3o se partidariza, politiza-se. Ali\u00e1s, foi a Associa\u00e7\u00e3o Comercial de Ilh\u00e9us quem reuniu a sociedade para defenestrar o desastre chamado Valderico. Foi \u00e0 sociedade quem o elegeu, mas titubeou na hora do bota fora. Foi a Associa\u00e7\u00e3o quem sistematizou a sociedade levando milhares as ruas e a empurrar contra a parede uma C\u00e2mara d\u00fabia.<br \/>\nNaquele instante o que movia a Associa\u00e7\u00e3o Comercial era o seu interesse econ\u00f4mico. Porque s\u00f3 um gestor equilibrado pode garantir o desenvolvimento econ\u00f4mico e social de uma cidade.<\/p>\n<p><strong><br \/>\nQual o papel? III<\/strong><br \/>\nNo caso de Ilh\u00e9us, seus objetivos s\u00e3o claros: Congregar, para defesa dos interesses comuns as pessoas f\u00edsicas e jur\u00eddicas que exer\u00e7am tais atividades em todas as suas modalidades econ\u00f4micas; ser \u00f3rg\u00e3o t\u00e9cnico consultivo, em colabora\u00e7\u00e3o com o poder p\u00fablico, no estudo de solu\u00e7\u00f5es para problemas que se relacionem com os interesses dos seus associados e da sociedade; encaminhar os pleitos dos seus associados, conciliar, quando chamada, por decis\u00e3o arbitral, quest\u00f5es entre os seus associados e destes com terceiros, al\u00e9m de outras a\u00e7\u00f5es sempre voltadas para essa finalidade.<br \/>\nPortanto, Feliz do Povo que possui uma Associa\u00e7\u00e3o Comercial em sua cidade.<\/p>\n<p>&#8212;<br \/>\njonildogloria@gmail.com<\/p>\n","protected":false},"excerpt":{"rendered":"<p>Oliven\u00e7a Ilh\u00e9us \u00e9 uma vergonha e administrar Ilh\u00e9us, da forma como est\u00e1 sendo administrada, mais vergonhoso ainda. Que me desculpe o cidad\u00e3o Newton Lima, a quem respeito e quero bem, a ele e a sua fam\u00edlia. O \u00fanico sanit\u00e1rio masculino do parque Tororomba, em Oliven\u00e7a, foi completamente destru\u00eddo (da mesma forma que fizeram com a [&hellip;]<\/p>\n","protected":false},"author":2,"featured_media":0,"comment_status":"open","ping_status":"open","sticky":false,"template":"","format":"standard","meta":{"_links_to":"","_links_to_target":""},"categories":[10],"tags":[],"_links":{"self":[{"href":"https:\/\/www.r2cpress.com.br\/v1\/wp-json\/wp\/v2\/posts\/6793"}],"collection":[{"href":"https:\/\/www.r2cpress.com.br\/v1\/wp-json\/wp\/v2\/posts"}],"about":[{"href":"https:\/\/www.r2cpress.com.br\/v1\/wp-json\/wp\/v2\/types\/post"}],"author":[{"embeddable":true,"href":"https:\/\/www.r2cpress.com.br\/v1\/wp-json\/wp\/v2\/users\/2"}],"replies":[{"embeddable":true,"href":"https:\/\/www.r2cpress.com.br\/v1\/wp-json\/wp\/v2\/comments?post=6793"}],"version-history":[{"count":2,"href":"https:\/\/www.r2cpress.com.br\/v1\/wp-json\/wp\/v2\/posts\/6793\/revisions"}],"predecessor-version":[{"id":6795,"href":"https:\/\/www.r2cpress.com.br\/v1\/wp-json\/wp\/v2\/posts\/6793\/revisions\/6795"}],"wp:attachment":[{"href":"https:\/\/www.r2cpress.com.br\/v1\/wp-json\/wp\/v2\/media?parent=6793"}],"wp:term":[{"taxonomy":"category","embeddable":true,"href":"https:\/\/www.r2cpress.com.br\/v1\/wp-json\/wp\/v2\/categories?post=6793"},{"taxonomy":"post_tag","embeddable":true,"href":"https:\/\/www.r2cpress.com.br\/v1\/wp-json\/wp\/v2\/tags?post=6793"}],"curies":[{"name":"wp","href":"https:\/\/api.w.org\/{rel}","templated":true}]}}