{"id":67949,"date":"2013-06-27T08:02:22","date_gmt":"2013-06-27T11:02:22","guid":{"rendered":"http:\/\/www.r2cpress.com.br\/v1\/?p=67949"},"modified":"2013-06-27T08:02:22","modified_gmt":"2013-06-27T11:02:22","slug":"itabuna-2","status":"publish","type":"post","link":"https:\/\/www.r2cpress.com.br\/v1\/2013\/06\/27\/itabuna-2\/","title":{"rendered":"ITABUNA"},"content":{"rendered":"<p><div id=\"attachment_67950\" style=\"width: 514px\" class=\"wp-caption aligncenter\"><a href=\"http:\/\/www.r2cpress.com.br\/v1\/wp-content\/uploads\/CAPA-R2CPRESS160.jpg\"><img aria-describedby=\"caption-attachment-67950\" loading=\"lazy\" src=\"http:\/\/www.r2cpress.com.br\/v1\/wp-content\/uploads\/CAPA-R2CPRESS160.jpg\" alt=\"ITABUNA.\" width=\"504\" height=\"504\" class=\"size-full wp-image-67950\" srcset=\"https:\/\/www.r2cpress.com.br\/v1\/wp-content\/uploads\/CAPA-R2CPRESS160.jpg 504w, https:\/\/www.r2cpress.com.br\/v1\/wp-content\/uploads\/CAPA-R2CPRESS160-150x150.jpg 150w, https:\/\/www.r2cpress.com.br\/v1\/wp-content\/uploads\/CAPA-R2CPRESS160-300x300.jpg 300w\" sizes=\"(max-width: 504px) 100vw, 504px\" \/><\/a><p id=\"caption-attachment-67950\" class=\"wp-caption-text\">ITABUNA.<\/p><\/div><br \/>\nCaro Roberto Rabat, \u00e9 necess\u00e1rio mostrar aos seus leitores que Itabuna est\u00e1 esperando a nomea\u00e7\u00e3o do novo prefeito, porque ainda n\u00e3o vimos.  Onde est\u00e1? E pedir a Deus: Senhor, afasta de n\u00f3s esse c\u00e1lice!.<\/p>\n<p><center> <a href=\"http:\/\/www.r2cpress.com.br\/v1\/wp-content\/uploads\/palha\u00e7o-2.jpg\"><img loading=\"lazy\" src=\"http:\/\/www.r2cpress.com.br\/v1\/wp-content\/uploads\/palha\u00e7o-2.jpg\" alt=\"palha\u00e7o 2\" width=\"400\" height=\"320\" class=\"aligncenter size-full wp-image-67951\" srcset=\"https:\/\/www.r2cpress.com.br\/v1\/wp-content\/uploads\/palha\u00e7o-2.jpg 400w, https:\/\/www.r2cpress.com.br\/v1\/wp-content\/uploads\/palha\u00e7o-2-300x240.jpg 300w\" sizes=\"(max-width: 400px) 100vw, 400px\" \/><\/a>   <\/center><\/p>\n<p>&#8212;<br \/>\nLuciano Cordier Hirs &#8211; Itabuna &#8211; Bahia<\/p>\n","protected":false},"excerpt":{"rendered":"<p>Caro Roberto Rabat, \u00e9 necess\u00e1rio mostrar aos seus leitores que Itabuna est\u00e1 esperando a nomea\u00e7\u00e3o do novo prefeito, porque ainda n\u00e3o vimos. Onde est\u00e1? E pedir a Deus: Senhor, afasta de n\u00f3s esse c\u00e1lice!. &#8212; Luciano Cordier Hirs &#8211; Itabuna &#8211; Bahia<\/p>\n","protected":false},"author":2,"featured_media":0,"comment_status":"open","ping_status":"open","sticky":false,"template":"","format":"standard","meta":{"_links_to":"","_links_to_target":""},"categories":[15],"tags":[],"_links":{"self":[{"href":"https:\/\/www.r2cpress.com.br\/v1\/wp-json\/wp\/v2\/posts\/67949"}],"collection":[{"href":"https:\/\/www.r2cpress.com.br\/v1\/wp-json\/wp\/v2\/posts"}],"about":[{"href":"https:\/\/www.r2cpress.com.br\/v1\/wp-json\/wp\/v2\/types\/post"}],"author":[{"embeddable":true,"href":"https:\/\/www.r2cpress.com.br\/v1\/wp-json\/wp\/v2\/users\/2"}],"replies":[{"embeddable":true,"href":"https:\/\/www.r2cpress.com.br\/v1\/wp-json\/wp\/v2\/comments?post=67949"}],"version-history":[{"count":2,"href":"https:\/\/www.r2cpress.com.br\/v1\/wp-json\/wp\/v2\/posts\/67949\/revisions"}],"predecessor-version":[{"id":67953,"href":"https:\/\/www.r2cpress.com.br\/v1\/wp-json\/wp\/v2\/posts\/67949\/revisions\/67953"}],"wp:attachment":[{"href":"https:\/\/www.r2cpress.com.br\/v1\/wp-json\/wp\/v2\/media?parent=67949"}],"wp:term":[{"taxonomy":"category","embeddable":true,"href":"https:\/\/www.r2cpress.com.br\/v1\/wp-json\/wp\/v2\/categories?post=67949"},{"taxonomy":"post_tag","embeddable":true,"href":"https:\/\/www.r2cpress.com.br\/v1\/wp-json\/wp\/v2\/tags?post=67949"}],"curies":[{"name":"wp","href":"https:\/\/api.w.org\/{rel}","templated":true}]}}