{"id":67954,"date":"2013-06-27T08:10:05","date_gmt":"2013-06-27T11:10:05","guid":{"rendered":"http:\/\/www.r2cpress.com.br\/v1\/?p=67954"},"modified":"2013-06-27T08:10:05","modified_gmt":"2013-06-27T11:10:05","slug":"cerimonial-do-governo-da-bahia-convida-o-vereador-cosme-araujo-para-participar-de-assinatura-da-ordem-de-servico-da-nova-ponte-ilheus-pontal","status":"publish","type":"post","link":"https:\/\/www.r2cpress.com.br\/v1\/2013\/06\/27\/cerimonial-do-governo-da-bahia-convida-o-vereador-cosme-araujo-para-participar-de-assinatura-da-ordem-de-servico-da-nova-ponte-ilheus-pontal\/","title":{"rendered":"Cerimonial do Governo da Bahia convida o Vereador Cosme Ara\u00fajo para participar de Assinatura da ordem de Servi\u00e7o da nova Ponte Ilh\u00e9us &#8211; Pontal."},"content":{"rendered":"<p><div id=\"attachment_67955\" style=\"width: 343px\" class=\"wp-caption alignright\"><a href=\"http:\/\/www.r2cpress.com.br\/v1\/wp-content\/uploads\/Cosme-Ara\u00fajo-e-o-governador-Jacques-Wagner.jpg\"><img aria-describedby=\"caption-attachment-67955\" loading=\"lazy\" src=\"http:\/\/www.r2cpress.com.br\/v1\/wp-content\/uploads\/Cosme-Ara\u00fajo-e-o-governador-Jacques-Wagner.jpg\" alt=\"Cosme Ara\u00fajo e o governador, Jacques Wagner.\" width=\"333\" height=\"250\" class=\"size-full wp-image-67955\" srcset=\"https:\/\/www.r2cpress.com.br\/v1\/wp-content\/uploads\/Cosme-Ara\u00fajo-e-o-governador-Jacques-Wagner.jpg 333w, https:\/\/www.r2cpress.com.br\/v1\/wp-content\/uploads\/Cosme-Ara\u00fajo-e-o-governador-Jacques-Wagner-300x225.jpg 300w\" sizes=\"(max-width: 333px) 100vw, 333px\" \/><\/a><p id=\"caption-attachment-67955\" class=\"wp-caption-text\">Cosme Ara\u00fajo e o governador, Jacques Wagner.<\/p><\/div>O Vereador Cosme Ara\u00fajo (PDT), foi convidado oficialmente pelo Cerimonial do Governo do Estado da Bahia, para participar do Ato de Assinatura de Servi\u00e7o para constru\u00e7\u00e3o da nova Ponte que liga o centro da cidade, aos bairros e comunidades da zona sul do munic\u00edpio.<\/p>\n<p>O ato acontece nesta 5\u00aa feira, 27\/06, e contar\u00e1 tamb\u00e9m com a presen\u00e7a de v\u00e1rias autoridades do estado e representantes do governo federal. Na oportunidade o Vereador Cosme Ara\u00fajo, estar\u00e1 conversando com o governo do estado sobre a viabilidade de implanta\u00e7\u00e3o de uma Delegacia de Prote\u00e7\u00e3o ao Idoso, na cidade de Ilh\u00e9us, bem como buscando saber sobre edital e o processo de desapropria\u00e7\u00e3o dos im\u00f3veis que, possivelmente, ser\u00e3o afetados com a constru\u00e7\u00e3o da nova ponte e vias de acesso. \u201cComo representante do povo, precisamos tamb\u00e9m ficar atento a todos os procedimentos\u201d, afirma Cosme Ara\u00fajo.<\/p>\n<p>Para Cosme Ara\u00fajo, a obra \u00e9 necess\u00e1ria e importante para a demanda de toda a zona sul da cidade quem vem expandindo, seja no ramo da hotelaria, terceiriza\u00e7\u00e3o de servi\u00e7os e da Constru\u00e7\u00e3o Civil. Espera-se que com a obra da nova ponte o fluxo de ve\u00edculos desobstrua e facilite toda a movimenta\u00e7\u00e3o de automotores na Av.Lomanto Junior e todo o gargalo da Pra\u00e7a Cair\u00fa. \u201cAgora resta que o governo municipal cumpra a sua parte. Reorganizando e sinalizando o tr\u00e2nsito e organizando os estacionamentos p\u00fablicos do centro da cidade. Que, ali\u00e1s, \u00e9 objeto de um projeto nosso\u201d, pontua.<br \/>\nAssessoria de imprensa.<\/p>\n","protected":false},"excerpt":{"rendered":"<p>O Vereador Cosme Ara\u00fajo (PDT), foi convidado oficialmente pelo Cerimonial do Governo do Estado da Bahia, para participar do Ato de Assinatura de Servi\u00e7o para constru\u00e7\u00e3o da nova Ponte que liga o centro da cidade, aos bairros e comunidades da zona sul do munic\u00edpio. O ato acontece nesta 5\u00aa feira, 27\/06, e contar\u00e1 tamb\u00e9m com [&hellip;]<\/p>\n","protected":false},"author":2,"featured_media":0,"comment_status":"open","ping_status":"open","sticky":false,"template":"","format":"standard","meta":{"_links_to":"","_links_to_target":""},"categories":[22],"tags":[],"_links":{"self":[{"href":"https:\/\/www.r2cpress.com.br\/v1\/wp-json\/wp\/v2\/posts\/67954"}],"collection":[{"href":"https:\/\/www.r2cpress.com.br\/v1\/wp-json\/wp\/v2\/posts"}],"about":[{"href":"https:\/\/www.r2cpress.com.br\/v1\/wp-json\/wp\/v2\/types\/post"}],"author":[{"embeddable":true,"href":"https:\/\/www.r2cpress.com.br\/v1\/wp-json\/wp\/v2\/users\/2"}],"replies":[{"embeddable":true,"href":"https:\/\/www.r2cpress.com.br\/v1\/wp-json\/wp\/v2\/comments?post=67954"}],"version-history":[{"count":2,"href":"https:\/\/www.r2cpress.com.br\/v1\/wp-json\/wp\/v2\/posts\/67954\/revisions"}],"predecessor-version":[{"id":67957,"href":"https:\/\/www.r2cpress.com.br\/v1\/wp-json\/wp\/v2\/posts\/67954\/revisions\/67957"}],"wp:attachment":[{"href":"https:\/\/www.r2cpress.com.br\/v1\/wp-json\/wp\/v2\/media?parent=67954"}],"wp:term":[{"taxonomy":"category","embeddable":true,"href":"https:\/\/www.r2cpress.com.br\/v1\/wp-json\/wp\/v2\/categories?post=67954"},{"taxonomy":"post_tag","embeddable":true,"href":"https:\/\/www.r2cpress.com.br\/v1\/wp-json\/wp\/v2\/tags?post=67954"}],"curies":[{"name":"wp","href":"https:\/\/api.w.org\/{rel}","templated":true}]}}