{"id":67962,"date":"2013-06-27T08:41:34","date_gmt":"2013-06-27T11:41:34","guid":{"rendered":"http:\/\/www.r2cpress.com.br\/v1\/?p=67962"},"modified":"2013-06-27T08:41:34","modified_gmt":"2013-06-27T11:41:34","slug":"ilheus-esta-sediando-a-99a-convencao-estadual-da-assembleia-de-deus","status":"publish","type":"post","link":"https:\/\/www.r2cpress.com.br\/v1\/2013\/06\/27\/ilheus-esta-sediando-a-99a-convencao-estadual-da-assembleia-de-deus\/","title":{"rendered":"Ilh\u00e9us est\u00e1 sediando a 99\u00aa Conven\u00e7\u00e3o Estadual da Assembleia de Deus"},"content":{"rendered":"<p><div id=\"attachment_67963\" style=\"width: 343px\" class=\"wp-caption alignright\"><a href=\"http:\/\/www.r2cpress.com.br\/v1\/wp-content\/uploads\/Conven\u00e7\u00e3o-AGO-1_ANGELA.jpg\"><img aria-describedby=\"caption-attachment-67963\" loading=\"lazy\" src=\"http:\/\/www.r2cpress.com.br\/v1\/wp-content\/uploads\/Conven\u00e7\u00e3o-AGO-1_ANGELA.jpg\" alt=\"Conven\u00e7\u00e3o .\" width=\"333\" height=\"222\" class=\"size-full wp-image-67963\" srcset=\"https:\/\/www.r2cpress.com.br\/v1\/wp-content\/uploads\/Conven\u00e7\u00e3o-AGO-1_ANGELA.jpg 333w, https:\/\/www.r2cpress.com.br\/v1\/wp-content\/uploads\/Conven\u00e7\u00e3o-AGO-1_ANGELA-300x200.jpg 300w\" sizes=\"(max-width: 333px) 100vw, 333px\" \/><\/a><p id=\"caption-attachment-67963\" class=\"wp-caption-text\">Conven\u00e7\u00e3o .<\/p><\/div>Centenas de pastores evang\u00e9licos, familiares e membros da igreja Assembleia de Deus dos mais diversos munic\u00edpios baianos est\u00e3o participando em Ilh\u00e9us da 99\u00aa Assembleia Geral Ordin\u00e1ria (AGO) da Conven\u00e7\u00e3o Estadual da Assembleia de Deus na Bahia (CEADEB), que ser\u00e1 realizada at\u00e9 a noite deste s\u00e1bado (29), no Centro de Conven\u00e7\u00f5es Luis Eduardo Magalh\u00e3es. Durante o encontro, que tem como tema \u201cOs desafios da lideran\u00e7a crist\u00e3 na p\u00f3s-modernidade\u201d, ser\u00e3o realizadas celebra\u00e7\u00f5es da Santa Ceia, reuni\u00f5es com pastores, encontro com familiares dos l\u00edderes evang\u00e9licos, prega\u00e7\u00f5es, estudos b\u00edblicos e cultos religiosos, al\u00e9m de shows com grandes nomes da m\u00fasica gospel, a exemplo de Samuel Mariano e Banda, de Recife, e Willian Nascimento, do Rio de Janeiro.<\/p>\n<p>A abertura do evento aconteceu na noite desta quarta-feira (26), no Centro de Conven\u00e7\u00f5es, com o desfile de bandeiras, mostras coreogr\u00e1ficas e apresenta\u00e7\u00e3o da equipe que coordenar\u00e1 a AGO. Em seguida o presidente das igrejas Assembleia de Deus em Ilh\u00e9us, pastor Hugo Noeval deu as boas vindas aos participantes. O presidente da AGO, pastor Valdomiro Pereira da Silva, coordenou os trabalhos falando da import\u00e2ncia do evento que re\u00fane tantos lideres evang\u00e9licos para pregar e anunciar a palavra. Tamb\u00e9m falou da programa\u00e7\u00e3o e da alegria de receber tantos fi\u00e9is para esse ato de louvor. A expectativa \u00e9 de receber em Ilh\u00e9us cerca de 800 pastores das mais diversas cidades da Bahia.<\/p>\n<p>A deputada estadual \u00c2ngela Sousa, dirigente do c\u00edrculo de ora\u00e7\u00e3o da Assembleia de Deus em Ilh\u00e9us, fez a sauda\u00e7\u00f5es dos participantes, destacando a import\u00e2ncia da cidade receber fi\u00e9is dos mais variados munic\u00edpios baianos para esse momento de f\u00e9, ora\u00e7\u00e3o e louvor. \u00c2ngela Sousa, que apoia e participa do evento, destacou que al\u00e9m das gra\u00e7as e b\u00ean\u00e7\u00e3os que ser\u00e3o derramadas durante todo a AGO, a conven\u00e7\u00e3o tamb\u00e9m impulsionar\u00e1 o turismo da cidade, pois re\u00fane pastores, familiares e membros da igreja Assembleia de Deus de toda a Bahia. O presidente da AGO, pastor Valdomiro Pereira, falou do trabalho desenvolvido pela deputada \u00c2ngela Sousa, do apoio que vem dando aos movimentos religiosos e da import\u00e2ncia da continuidade desse trabalho.<\/p>\n<p>A 99\u00aa Assembleia Geral Ordin\u00e1ria (AGO) da Conven\u00e7\u00e3o Estadual da Assembleia de Deus na Bahia (CEADEB) prossegue at\u00e9 a noite de s\u00e1bado, com prega\u00e7\u00f5es e palestras dos pastores M\u00e1rcio Braga, de Salvador, Edvaldo Filho, de Barra do Jacu\u00edpe, George Andrade, de Ilh\u00e9us, e Wagner Ara\u00fajo, de Feira de Santana. Tamb\u00e9m est\u00e3o previstas apresenta\u00e7\u00f5es de corais, reuni\u00f5es, celebra\u00e7\u00f5es da palavra e shows, al\u00e9m da presta\u00e7\u00e3o de servi\u00e7os para os participantes.<\/p>\n","protected":false},"excerpt":{"rendered":"<p>Centenas de pastores evang\u00e9licos, familiares e membros da igreja Assembleia de Deus dos mais diversos munic\u00edpios baianos est\u00e3o participando em Ilh\u00e9us da 99\u00aa Assembleia Geral Ordin\u00e1ria (AGO) da Conven\u00e7\u00e3o Estadual da Assembleia de Deus na Bahia (CEADEB), que ser\u00e1 realizada at\u00e9 a noite deste s\u00e1bado (29), no Centro de Conven\u00e7\u00f5es Luis Eduardo Magalh\u00e3es. Durante o [&hellip;]<\/p>\n","protected":false},"author":2,"featured_media":0,"comment_status":"open","ping_status":"open","sticky":false,"template":"","format":"standard","meta":{"_links_to":"","_links_to_target":""},"categories":[22],"tags":[],"_links":{"self":[{"href":"https:\/\/www.r2cpress.com.br\/v1\/wp-json\/wp\/v2\/posts\/67962"}],"collection":[{"href":"https:\/\/www.r2cpress.com.br\/v1\/wp-json\/wp\/v2\/posts"}],"about":[{"href":"https:\/\/www.r2cpress.com.br\/v1\/wp-json\/wp\/v2\/types\/post"}],"author":[{"embeddable":true,"href":"https:\/\/www.r2cpress.com.br\/v1\/wp-json\/wp\/v2\/users\/2"}],"replies":[{"embeddable":true,"href":"https:\/\/www.r2cpress.com.br\/v1\/wp-json\/wp\/v2\/comments?post=67962"}],"version-history":[{"count":2,"href":"https:\/\/www.r2cpress.com.br\/v1\/wp-json\/wp\/v2\/posts\/67962\/revisions"}],"predecessor-version":[{"id":67965,"href":"https:\/\/www.r2cpress.com.br\/v1\/wp-json\/wp\/v2\/posts\/67962\/revisions\/67965"}],"wp:attachment":[{"href":"https:\/\/www.r2cpress.com.br\/v1\/wp-json\/wp\/v2\/media?parent=67962"}],"wp:term":[{"taxonomy":"category","embeddable":true,"href":"https:\/\/www.r2cpress.com.br\/v1\/wp-json\/wp\/v2\/categories?post=67962"},{"taxonomy":"post_tag","embeddable":true,"href":"https:\/\/www.r2cpress.com.br\/v1\/wp-json\/wp\/v2\/tags?post=67962"}],"curies":[{"name":"wp","href":"https:\/\/api.w.org\/{rel}","templated":true}]}}