{"id":67976,"date":"2013-06-27T14:32:10","date_gmt":"2013-06-27T17:32:10","guid":{"rendered":"http:\/\/www.r2cpress.com.br\/v1\/?p=67976"},"modified":"2013-06-27T14:32:10","modified_gmt":"2013-06-27T17:32:10","slug":"o-presente-da-cidade","status":"publish","type":"post","link":"https:\/\/www.r2cpress.com.br\/v1\/2013\/06\/27\/o-presente-da-cidade\/","title":{"rendered":"O presente da cidade"},"content":{"rendered":"<p align=\"right\"><b>Jabes Ribeiro, prefeito de Ilh\u00e9us<\/b><\/p>\n<div id=\"attachment_67977\" style=\"width: 310px\" class=\"wp-caption alignleft\"><a href=\"http:\/\/www.r2cpress.com.br\/v1\/wp-content\/uploads\/Jabes-Ribeiro-Prefeito-de-Ilh\u00e9us-Foto-Alfredo-Filho-Secom-Ilh\u00e9us.jpg\"><img aria-describedby=\"caption-attachment-67977\" loading=\"lazy\" class=\"size-full wp-image-67977\" alt=\"Jabes Ribeiro - Prefeito de Ilh\u00e9us - Foto Alfredo Filho - Secom Ilh\u00e9us.\" src=\"http:\/\/www.r2cpress.com.br\/v1\/wp-content\/uploads\/Jabes-Ribeiro-Prefeito-de-Ilh\u00e9us-Foto-Alfredo-Filho-Secom-Ilh\u00e9us.jpg\" width=\"300\" height=\"360\" srcset=\"https:\/\/www.r2cpress.com.br\/v1\/wp-content\/uploads\/Jabes-Ribeiro-Prefeito-de-Ilh\u00e9us-Foto-Alfredo-Filho-Secom-Ilh\u00e9us.jpg 300w, https:\/\/www.r2cpress.com.br\/v1\/wp-content\/uploads\/Jabes-Ribeiro-Prefeito-de-Ilh\u00e9us-Foto-Alfredo-Filho-Secom-Ilh\u00e9us-250x300.jpg 250w\" sizes=\"(max-width: 300px) 100vw, 300px\" \/><\/a><p id=\"caption-attachment-67977\" class=\"wp-caption-text\">Jabes Ribeiro &#8211; Prefeito de Ilh\u00e9us &#8211; Foto Alfredo Filho &#8211; Secom Ilh\u00e9us.<\/p><\/div>\n<p>Quando concordei em concorrer pela quarta vez \u00e0 Prefeitura de Ilh\u00e9us, sabia que tinha pela frente uma longa e dura jornada para devolver a din\u00e2mica social, econ\u00f4mica e cultural do munic\u00edpio e resgatar a autoestima da popula\u00e7\u00e3o, que parecia n\u00e3o mais ver solu\u00e7\u00f5es para os graves problemas que se enraizaram nos \u00faltimos anos. Sabia que o desafio n\u00e3o era apenas administrativo, dizia respeito tamb\u00e9m \u00e0 retomada da credibilidade do munic\u00edpio junto \u00e0s esferas Federal e Estadual, sem a qual n\u00e3o seria poss\u00edvel conseguir o apoio necess\u00e1rio para trazer os benef\u00edcios que Ilh\u00e9us tanto precisa.<\/p>\n<p>Neste anivers\u00e1rio de Ilh\u00e9us, com a assinatura, pelo governador Jaques Wagner, da ordem de servi\u00e7o para a constru\u00e7\u00e3o da nova ponte que ligar\u00e1 o centro \u00e0 regi\u00e3o sul, damos mais um importante passo para ultrapassar aquela barreira do descr\u00e9dito que travava o desenvolvimento do munic\u00edpio. Fomos ao governador, explicamos nossa situa\u00e7\u00e3o, pedimos urg\u00eancia, e hoje estamos celebrando este presente.<\/p>\n<p>A constru\u00e7\u00e3o da primeira ponte estaiada da Bahia \u00e9 de fato um presente para a cidade. Um presente t\u00e3o esperado, que vai promover melhorias na mobilidade urbana e colaborar com o transporte de cargas aqui no sul e, posteriormente, em todo o Estado, com a implanta\u00e7\u00e3o da Ferrovia Oeste Leste (Fiol) e do Porto Sul. A ponte j\u00e1 \u00e9 uma realidade. J\u00e1 faz parte do presente da cidade.<\/p>\n<p>Gra\u00e7as ao \u00eaxito da nossa parceria com o Estado, podemos dizer que tamb\u00e9m j\u00e1 fazem parte do presente da cidade o novo Hospital Regional, uma Unidade B\u00e1sica de Seguran\u00e7a e um N\u00facleo do Sistema Baiano de Incuba\u00e7\u00e3o, que fortalecer\u00e1 as atividades do Centro de Pesquisa e Desenvolvimento Tecnol\u00f3gico em Inform\u00e1tica e Eletroeletr\u00f4nica de Ilh\u00e9us (Cepedi). Todos projetos prontos para ser implantados. E j\u00e1 est\u00e1 em fase final o projeto executivo para a requalifica\u00e7\u00e3o da Central de Abastecimento do Malhado.<\/p>\n<p><!--more--><\/p>\n<p>Temos um di\u00e1logo permanente com pastas importantes do governo Federal, obtendo apoio para iniciativas como o saneamento da Bacia do Pontal e a retomada do programa Viva o Morro (inclu\u00eddas no cronograma de verbas do PAC II), e buscamos incluir Ilh\u00e9us no programa Cidades Digitais. J\u00e1 iniciamos a constru\u00e7\u00e3o do Centro Educacional Unificado das Artes e dos Esportes, com recursos do PAC II, e demos continuidade \u00e0s obras de Requalifica\u00e7\u00e3o da Orla Sul, paralisadas desde meados do ano passado, e garantimos duas Unidades de Pronto Atendimento (nas zonas Norte e Sul).<\/p>\n<p>Para superar a crise, buscamos apoio tamb\u00e9m junto a parlamentares. E a partir desse esfor\u00e7o \u00e9 que j\u00e1 conseguimos recursos para a reforma do Teatro Municipal e estamos nos empenhando para recuperarmos o pr\u00e9dio do General Os\u00f3rio, devolvendo \u00e0quele s\u00edtio hist\u00f3rico de Ilh\u00e9us a Biblioteca Municipal e o Arquivo P\u00fablico.<\/p>\n<p>\u00c9 preciso salientar que desde janeiro tomamos medidas administrativas importantes para assegurar a presta\u00e7\u00e3o de servi\u00e7os p\u00fablicos, reduzindo gastos abusivos: reduzimos as despesas com a folha de pagamento, buscando enquadrar o munic\u00edpio nas determina\u00e7\u00f5es da Lei de Responsabilidade Fiscal; aplicamos parte dos recursos do IPTU para quitar d\u00e9bitos deixados pela gest\u00e3o anterior; pagamos d\u00edvidas junto ao Minist\u00e9rio da Educa\u00e7\u00e3o, sem o que n\u00e3o poder\u00edamos oferecer merenda e transporte aos nossos estudantes; estamos pagando os sal\u00e1rios atrasados pela gest\u00e3o passada e regularizamos os vencimentos deste ano.<\/p>\n<p>Ante a complexidade dos problemas, sentimos ser imprescind\u00edvel convocar toda a sociedade organizada ilheense, para enfrentarmos de forma conjunta a situa\u00e7\u00e3o e pensarmos um modelo ideal de gest\u00e3o do munic\u00edpio. Nasceu, assim, o \u201cPacto por Ilh\u00e9us\u201d, para ser um f\u00f3rum de debates e discuss\u00f5es transparentes e profundas acerca do futuro do nosso munic\u00edpio. Os desafios que ainda existem s\u00e3o imensos, da\u00ed a import\u00e2ncia da manuten\u00e7\u00e3o deste di\u00e1logo permanente com a sociedade organizada e da necessidade de estarmos com os ouvidos e a mente atentos e abertos aos clamores e manifesta\u00e7\u00f5es de todos os segmentos sociais.<\/p>\n<p>Tenham a certeza! Estamos atuando com muito empenho para refazer nossa Ilh\u00e9us. E, repito, hoje est\u00e1 sendo dado um importante passo para a concretiza\u00e7\u00e3o do nosso sonho. Est\u00e1 a\u00ed, iniciamos a constru\u00e7\u00e3o da primeira ponte estaiada da Bahia.<\/p>\n<p>A ponte \u00e9 nossa. Parab\u00e9ns Ilh\u00e9us.<\/p>\n<p>Este \u00e9 o presente que vamos celebrar sempre!<\/p>\n","protected":false},"excerpt":{"rendered":"<p>Jabes Ribeiro, prefeito de Ilh\u00e9us Quando concordei em concorrer pela quarta vez \u00e0 Prefeitura de Ilh\u00e9us, sabia que tinha pela frente uma longa e dura jornada para devolver a din\u00e2mica social, econ\u00f4mica e cultural do munic\u00edpio e resgatar a autoestima da popula\u00e7\u00e3o, que parecia n\u00e3o mais ver solu\u00e7\u00f5es para os graves problemas que se enraizaram [&hellip;]<\/p>\n","protected":false},"author":2,"featured_media":0,"comment_status":"open","ping_status":"open","sticky":false,"template":"","format":"standard","meta":{"_links_to":"","_links_to_target":""},"categories":[23],"tags":[],"_links":{"self":[{"href":"https:\/\/www.r2cpress.com.br\/v1\/wp-json\/wp\/v2\/posts\/67976"}],"collection":[{"href":"https:\/\/www.r2cpress.com.br\/v1\/wp-json\/wp\/v2\/posts"}],"about":[{"href":"https:\/\/www.r2cpress.com.br\/v1\/wp-json\/wp\/v2\/types\/post"}],"author":[{"embeddable":true,"href":"https:\/\/www.r2cpress.com.br\/v1\/wp-json\/wp\/v2\/users\/2"}],"replies":[{"embeddable":true,"href":"https:\/\/www.r2cpress.com.br\/v1\/wp-json\/wp\/v2\/comments?post=67976"}],"version-history":[{"count":2,"href":"https:\/\/www.r2cpress.com.br\/v1\/wp-json\/wp\/v2\/posts\/67976\/revisions"}],"predecessor-version":[{"id":67979,"href":"https:\/\/www.r2cpress.com.br\/v1\/wp-json\/wp\/v2\/posts\/67976\/revisions\/67979"}],"wp:attachment":[{"href":"https:\/\/www.r2cpress.com.br\/v1\/wp-json\/wp\/v2\/media?parent=67976"}],"wp:term":[{"taxonomy":"category","embeddable":true,"href":"https:\/\/www.r2cpress.com.br\/v1\/wp-json\/wp\/v2\/categories?post=67976"},{"taxonomy":"post_tag","embeddable":true,"href":"https:\/\/www.r2cpress.com.br\/v1\/wp-json\/wp\/v2\/tags?post=67976"}],"curies":[{"name":"wp","href":"https:\/\/api.w.org\/{rel}","templated":true}]}}