{"id":6807,"date":"2011-01-18T08:46:41","date_gmt":"2011-01-18T11:46:41","guid":{"rendered":"http:\/\/www.r2cpress.com.br\/v1\/?p=6807"},"modified":"2011-01-18T08:46:41","modified_gmt":"2011-01-18T11:46:41","slug":"ilheus-lavagem-escadarias-catedral-sao-sebastiao-15-01-2011","status":"publish","type":"post","link":"https:\/\/www.r2cpress.com.br\/v1\/2011\/01\/18\/ilheus-lavagem-escadarias-catedral-sao-sebastiao-15-01-2011\/","title":{"rendered":"ILH\u00c9US \/ LAVAGEM ESCADARIAS CATEDRAL S\u00c3O SEBASTI\u00c3O 15 01 2011"},"content":{"rendered":"<p><center><a href=\"http:\/\/www.r2cpress.com.br\/v1\/wp-content\/uploads\/MONT-CAPA-SITE14.jpg\"><img loading=\"lazy\" src=\"http:\/\/www.r2cpress.com.br\/v1\/wp-content\/uploads\/MONT-CAPA-SITE14-285x300.jpg\" alt=\"\" title=\"MONT CAPA SITE\" width=\"285\" height=\"300\" class=\"alignnone size-medium wp-image-6808\" srcset=\"https:\/\/www.r2cpress.com.br\/v1\/wp-content\/uploads\/MONT-CAPA-SITE14-285x300.jpg 285w, https:\/\/www.r2cpress.com.br\/v1\/wp-content\/uploads\/MONT-CAPA-SITE14.jpg 714w\" sizes=\"(max-width: 285px) 100vw, 285px\" \/><\/a><\/center><\/p>\n<p>Veja fotos by <strong>Mary Melga\u00e7o e Clodoaldo Ribeiro<\/strong> clicando <a href = \"http:\/\/picasaweb.google.com\/r2cpress\/FOTOSAMPLIADASPARAOSITEALBUM06#5563480259804033346\" target = \"_news\"><b>AQUI<\/b><\/a> e depois na seta ara avan\u00e7ar.<\/p>\n<p>Para ver o <strong>v\u00eddeo<\/strong> do cortejo na Rua Bento Berilo clique <a href = \"http:\/\/www.r2cpress.com.br\/v1\/2011\/01\/15\/cortejo-lavagem-escadaria-catedral-sao-sebastiao\/\" target = \"_news\"><b>AQUI<\/b><\/a><\/p>\n<p>Para ver as fotos feitas por <strong>GUY VAL\u00c9RIO<\/strong> (O sarrafo) clique <a href = \"http:\/\/picasaweb.google.com\/Osarrafo\/LavagemCatedral#5562487606573794098\" target = \"_news\"><b>AQUI<\/b><\/a> e depois na seta para avan\u00e7ar.<\/p>\n","protected":false},"excerpt":{"rendered":"<p>Veja fotos by Mary Melga\u00e7o e Clodoaldo Ribeiro clicando AQUI e depois na seta ara avan\u00e7ar. Para ver o v\u00eddeo do cortejo na Rua Bento Berilo clique AQUI Para ver as fotos feitas por GUY VAL\u00c9RIO (O sarrafo) clique AQUI e depois na seta para avan\u00e7ar.<\/p>\n","protected":false},"author":2,"featured_media":0,"comment_status":"open","ping_status":"open","sticky":false,"template":"","format":"standard","meta":{"_links_to":"","_links_to_target":""},"categories":[14],"tags":[],"_links":{"self":[{"href":"https:\/\/www.r2cpress.com.br\/v1\/wp-json\/wp\/v2\/posts\/6807"}],"collection":[{"href":"https:\/\/www.r2cpress.com.br\/v1\/wp-json\/wp\/v2\/posts"}],"about":[{"href":"https:\/\/www.r2cpress.com.br\/v1\/wp-json\/wp\/v2\/types\/post"}],"author":[{"embeddable":true,"href":"https:\/\/www.r2cpress.com.br\/v1\/wp-json\/wp\/v2\/users\/2"}],"replies":[{"embeddable":true,"href":"https:\/\/www.r2cpress.com.br\/v1\/wp-json\/wp\/v2\/comments?post=6807"}],"version-history":[{"count":4,"href":"https:\/\/www.r2cpress.com.br\/v1\/wp-json\/wp\/v2\/posts\/6807\/revisions"}],"predecessor-version":[{"id":6812,"href":"https:\/\/www.r2cpress.com.br\/v1\/wp-json\/wp\/v2\/posts\/6807\/revisions\/6812"}],"wp:attachment":[{"href":"https:\/\/www.r2cpress.com.br\/v1\/wp-json\/wp\/v2\/media?parent=6807"}],"wp:term":[{"taxonomy":"category","embeddable":true,"href":"https:\/\/www.r2cpress.com.br\/v1\/wp-json\/wp\/v2\/categories?post=6807"},{"taxonomy":"post_tag","embeddable":true,"href":"https:\/\/www.r2cpress.com.br\/v1\/wp-json\/wp\/v2\/tags?post=6807"}],"curies":[{"name":"wp","href":"https:\/\/api.w.org\/{rel}","templated":true}]}}