{"id":6813,"date":"2011-01-18T08:52:21","date_gmt":"2011-01-18T11:52:21","guid":{"rendered":"http:\/\/www.r2cpress.com.br\/v1\/?p=6813"},"modified":"2011-01-18T08:52:21","modified_gmt":"2011-01-18T11:52:21","slug":"a-presidenta-e-o-discurso","status":"publish","type":"post","link":"https:\/\/www.r2cpress.com.br\/v1\/2011\/01\/18\/a-presidenta-e-o-discurso\/","title":{"rendered":"A PRESIDENTA E O DISCURSO"},"content":{"rendered":"<p><img ALIGN = \"LEFT\" SRC = \"http:\/\/www.r2cpress.com.br\/v1\/wp-content\/uploads\/HECKEL-NOVA.jpg\"\/>Como a rapaziada de hoje costuma dizer, foi \u201cum arraso\u201d, ou \u201cmuito retado\u201d, como a gente diz na Bahia. E bote \u201cretado\u201d nisso.<\/p>\n<p>E foi tanto que at\u00e9 o engenheiro mec\u00e2nico Manoel Felipe da Hora, o Manolo, aqui da Capitania dos Ilh\u00e9us, costumeiro em desfilar no Bar de Zequitos sua incredulidade \u2013embora sem contestar  os avan\u00e7os\u2013 com um futuro promissor do pa\u00eds, agora \u00e9 todo um sentimento de confian\u00e7a, n\u00e3o hesitando em afirmar \u201cRapaz, senti seguran\u00e7a na mulher. Com certeza seremos outra na\u00e7\u00e3o\u201d. E acrescente-se a rever\u00eancia dos necess\u00e1rios inimigos. Oh, n\u00e3o, considere: dos advers\u00e1rios pol\u00edticos.  <\/p>\n<p><!--more--><\/p>\n<p>\t\u00c9 isso a\u00ed. Digo do discurso de posse da presidenta (com o azinho  final como gosta de ser chamada) Dilma. Disse, convocando a sociedade, os partidos, as institui\u00e7\u00f5es a ajud\u00e1-la, e ap\u00f3s homenagear as mulheres, o que \u201cgregos\u201d e \u201ctroianos\u201d brasileiros gostaram de ouvir. Percebeu como ela \u2013desprendida  daquela cerim\u00f4nia desnecess\u00e1ria\u2013, n\u00e3o titubeou em usar o caracter\u00edstico vocativo do ex, Jos\u00e9 Ribamar, antepondo com tato e intelig\u00eancia o emotivo \u201cqueridas e queridos\u201d? Ausente em muitos ao se entronarem, a grandeza da presidenta esteve presente em todos os momentos, em especial quando ao saudar os avan\u00e7os recentes, dignamente lembrar-se das contribui\u00e7\u00f5es dos mandat\u00e1rios passados.  <\/p>\n<p>Tocando em todas as \u201ccaras brasileiras\u201d com a magnitude e a firmeza de quem conhece a fundo o Brasil e sua hist\u00f3ria, n\u00e3o consegui fazer o destaque de alguma desconsiderando o conjunto da obra. As variadas propostas enfocadas no alcance de objetivos convergiam para uma finalidade suprema: qualificar o pa\u00eds como desenvolvido, e claro, montado na estabilidade dos pre\u00e7os, no cuidado ambiental, na valoriza\u00e7\u00e3o da cultura, na liberdade de imprensa, e l\u00f3gico, na erradica\u00e7\u00e3o da mis\u00e9ria.  Sim, tamb\u00e9m elas estavam impregnadas da consci\u00eancia de que para pensar neste salto qualitativo uma guinada de trezentos e oitenta graus na Sa\u00fade, na Educa\u00e7\u00e3o e na Seguran\u00e7a haver\u00e1 de ser dada.  Ent\u00e3o foi bom ouvi que para essas transforma\u00e7\u00f5es o professor ser\u00e1 convocado como \u201cautoridade da educa\u00e7\u00e3o\u201d; que na quest\u00e3o \u201cviol\u00eancia\u201d jogar\u00e1, envolvendo os Estados e os munic\u00edpios, duro no combate e&#8230; E aten\u00e7\u00e3o e muita aten\u00e7\u00e3o gestores citadinos do dinheiro do SUS, a presidenta fora enf\u00e1tica: \u201cVou acompanhar pessoalmente o desenvolvimento desse setor t\u00e3o essencial para o povo brasileiro\u201d e \u201cVou usar a for\u00e7a do governo federal para acompanhar a qualidade do servi\u00e7o prestado e o respeito ao usu\u00e1rio\u201d<\/p>\n<p>A ess\u00eancia da fala presidencial, para mim com esta dif\u00edcil tentativa de resumir evid\u00eancias e esp\u00edrito da letra na longa mensagem \u00e0 na\u00e7\u00e3o, se encontra, ao abordar o anterior presidente Lula, em ela exprimir: \u201cSob sua lideran\u00e7a, o povo brasileiro fez a travessia para uma outra margem da hist\u00f3ria. Minha miss\u00e3o agora \u00e9 de consolidar esta passagem e avan\u00e7ar no caminho de uma na\u00e7\u00e3o geradoras das mais amplas oportunidades\u201d<\/p>\n<p>\tAh, sublinhei, achando importante, com refer\u00eancia \u00e0 vigil\u00e2ncia do governo com a grana p\u00fablica, um detalhinho ao mencionar as invers\u00f5es \u00e0 realiza\u00e7\u00e3o da Copa do Mundo e das Olimp\u00edadas: \u201c&#8230;ser\u00e3o concedidos de maneira a dar ganhos permanentes de qualidade de vida, em todas as regi\u00f5es envolvidas\u201d. O exemplo nesse tipo de investimento, num pa\u00eds onde quase tudo \u00e9 priorit\u00e1rio, j\u00e1 motivou, recordando um pouco, recorrentes e embasadas cr\u00edticas, pelo abandono das instala\u00e7\u00f5es e equipamentos ap\u00f3s o evento.   <\/p>\n<p>Neste momento chego a termo este subjetivo texto, infelizmente com as ainda not\u00edcias da terr\u00edvel cat\u00e1strofe na regi\u00e3o serrana do Rio, causada pelas chuvas.  Para n\u00e3o questionar o seu pre\u00e2mbulo, de rasgados elogios, tomarei a liberdade de apelar \u00e0 presidenta Dilma incluir entre as \u201ccaras brasileiras\u201d, alguma de nome Planejamento Urbano e outra nomeada de Planejamento Preventivo e  Assistencial Eficaz.<\/p>\n<p>\t\t\t\t\t\t\t\tHeckel Janu\u00e1rio <\/p>\n","protected":false},"excerpt":{"rendered":"<p>Como a rapaziada de hoje costuma dizer, foi \u201cum arraso\u201d, ou \u201cmuito retado\u201d, como a gente diz na Bahia. E bote \u201cretado\u201d nisso. E foi tanto que at\u00e9 o engenheiro mec\u00e2nico Manoel Felipe da Hora, o Manolo, aqui da Capitania dos Ilh\u00e9us, costumeiro em desfilar no Bar de Zequitos sua incredulidade \u2013embora sem contestar os [&hellip;]<\/p>\n","protected":false},"author":2,"featured_media":0,"comment_status":"open","ping_status":"open","sticky":false,"template":"","format":"standard","meta":{"_links_to":"","_links_to_target":""},"categories":[10],"tags":[],"_links":{"self":[{"href":"https:\/\/www.r2cpress.com.br\/v1\/wp-json\/wp\/v2\/posts\/6813"}],"collection":[{"href":"https:\/\/www.r2cpress.com.br\/v1\/wp-json\/wp\/v2\/posts"}],"about":[{"href":"https:\/\/www.r2cpress.com.br\/v1\/wp-json\/wp\/v2\/types\/post"}],"author":[{"embeddable":true,"href":"https:\/\/www.r2cpress.com.br\/v1\/wp-json\/wp\/v2\/users\/2"}],"replies":[{"embeddable":true,"href":"https:\/\/www.r2cpress.com.br\/v1\/wp-json\/wp\/v2\/comments?post=6813"}],"version-history":[{"count":2,"href":"https:\/\/www.r2cpress.com.br\/v1\/wp-json\/wp\/v2\/posts\/6813\/revisions"}],"predecessor-version":[{"id":6815,"href":"https:\/\/www.r2cpress.com.br\/v1\/wp-json\/wp\/v2\/posts\/6813\/revisions\/6815"}],"wp:attachment":[{"href":"https:\/\/www.r2cpress.com.br\/v1\/wp-json\/wp\/v2\/media?parent=6813"}],"wp:term":[{"taxonomy":"category","embeddable":true,"href":"https:\/\/www.r2cpress.com.br\/v1\/wp-json\/wp\/v2\/categories?post=6813"},{"taxonomy":"post_tag","embeddable":true,"href":"https:\/\/www.r2cpress.com.br\/v1\/wp-json\/wp\/v2\/tags?post=6813"}],"curies":[{"name":"wp","href":"https:\/\/api.w.org\/{rel}","templated":true}]}}