{"id":68148,"date":"2013-07-01T11:32:27","date_gmt":"2013-07-01T14:32:27","guid":{"rendered":"http:\/\/www.r2cpress.com.br\/v1\/?p=68148"},"modified":"2013-07-01T11:32:27","modified_gmt":"2013-07-01T14:32:27","slug":"estreia-oficial-de-1789-sera-nesta-terca-na-tenda-do-tpi","status":"publish","type":"post","link":"https:\/\/www.r2cpress.com.br\/v1\/2013\/07\/01\/estreia-oficial-de-1789-sera-nesta-terca-na-tenda-do-tpi\/","title":{"rendered":"Estreia oficial de 1789 ser\u00e1  nesta ter\u00e7a na Tenda do TPI"},"content":{"rendered":"<p>            A partir desta ter\u00e7a-feira (02), o Teatro Popular de Ilh\u00e9us (TPI) come\u00e7a sua nova revolu\u00e7\u00e3o com a estreia de 1789. O espet\u00e1culo, uma \u00f3pera afro-rock, n\u00e3o s\u00f3 conta o fato hist\u00f3rico do levante dos escravos do Engenho de Santana, no s\u00e9culo XVIII. A pe\u00e7a discute ainda condi\u00e7\u00f5es de trabalho, autonomia de produ\u00e7\u00e3o e a necessidade de uma nova transforma\u00e7\u00e3o social. A pe\u00e7a ser\u00e1 apresentada \u00e0s 20 horas e ficar\u00e1 em cartaz at\u00e9 o final do m\u00eas, de quarta a s\u00e1bado, na Tenda do TPI. As entradas custam R$ 20 e R$ 10.<\/p>\n<div id=\"attachment_68149\" style=\"width: 510px\" class=\"wp-caption aligncenter\"><a href=\"http:\/\/www.r2cpress.com.br\/v1\/wp-content\/uploads\/\u00daltimos-ensaios-1789-foto-Felipe-de-Paula-2.jpg\"><img aria-describedby=\"caption-attachment-68149\" loading=\"lazy\" src=\"http:\/\/www.r2cpress.com.br\/v1\/wp-content\/uploads\/\u00daltimos-ensaios-1789-foto-Felipe-de-Paula-2.jpg\" alt=\"\u00daltimos ensaios 1789 - foto Felipe de Paula.\" width=\"500\" height=\"375\" class=\"size-full wp-image-68149\" srcset=\"https:\/\/www.r2cpress.com.br\/v1\/wp-content\/uploads\/\u00daltimos-ensaios-1789-foto-Felipe-de-Paula-2.jpg 500w, https:\/\/www.r2cpress.com.br\/v1\/wp-content\/uploads\/\u00daltimos-ensaios-1789-foto-Felipe-de-Paula-2-300x225.jpg 300w\" sizes=\"(max-width: 500px) 100vw, 500px\" \/><\/a><p id=\"caption-attachment-68149\" class=\"wp-caption-text\">\u00daltimos ensaios 1789 &#8211; foto Felipe de Paula.<\/p><\/div>\n<p>Apesar de a estreia ter sido marcada para a data em que se comemora a Independ\u00eancia da Bahia, o espet\u00e1culo 1789 far\u00e1 apresenta\u00e7\u00e3o especial para 200 convidados nesta segunda-feira (1\u00ba). A pr\u00e9-estreia ser\u00e1 \u00e0s 20 horas, na Tenda do TPI, montada na Avenida Soares Lopes. Como forma de valoriza\u00e7\u00e3o dos produtos culturais da regi\u00e3o, a avant-premi\u00e8re n\u00e3o ser\u00e1 gratuita. As entradas devem ser reservadas no local ou pelo telefone (73) 4102-0580.<\/p>\n<p><!--more--><\/p>\n<p>O diretor art\u00edstico do Bal\u00e9 Afro da Bahia, Zebrinha, re-encontrou com o elenco do TPI neste s\u00e1bado e domingo (29 e 30). O core\u00f3grafo ajudou a afinar os \u00faltimos detalhes dos movimentos dos artistas e marca\u00e7\u00f5es de cenas. Ele j\u00e1 havia colaborado anteriormente com a montagem. Outro colaborador art\u00edstico foi o diretor e dramaturgo M\u00e1rcio Meirelles, do Bando de Teatro Olodum, que ministrou oficina sobre performance negra.<\/p>\n<p>Al\u00e9m da combina\u00e7\u00e3o musical entre rock e m\u00fasica afro, dirigida por Elielton Cabe\u00e7a, 1789 mistura as linguagens do teatro, dan\u00e7a e audiovisual. \u201cQueremos apresentar um fato hist\u00f3rico de maneira diferente, do jeito do Teatro Popular de Ilh\u00e9us\u201d, explica o autor e diretor Romualdo Lisboa. A pe\u00e7a conta ainda com membros do Terreiro Matamba Tombenci Neto, remanescente dos escravos do Engenho de Santana. M\u00e3e Hilsa Mukal\u00ea, matriarca da comunidade, faz uma participa\u00e7\u00e3o especial.<\/p>\n<p>            Tudo em 1789 est\u00e1 em constante transforma\u00e7\u00e3o. Parte da estrutura c\u00eanica \u00e9 constru\u00edda ao decorrer de cada acontecimento, com sacos recheados de serragem. Ao todo, 20 artistas em cena revezam-se entre diferentes pap\u00e9is. Os figurinos foram confeccionados pelas costureiras do Terreiro e a maquiagem feita por Guto Pacheco. Os equipamentos e acess\u00f3rios utilizados foram adquiridos em Ilh\u00e9us, exceto o de rapel.<\/p>\n<p>            A hist\u00f3ria de 1789 come\u00e7a em uma f\u00e1brica de processamento de cacau no ano de 2089. Os trabalhadores lutam para produzir o pr\u00f3prio chocolate, deixando de exportar a mat\u00e9ria-prima. A partir das discuss\u00f5es sobre a greve, o espet\u00e1culo faz saltos no tempo e espa\u00e7o, at\u00e9 a rebeli\u00e3o dos cativos, que tomaram o Engenho de Santana entre 1789 e 1791. O fato hist\u00f3rico foi marcado por uma carta de reivindica\u00e7\u00f5es escrita pelos negros, demonstrando letramento entre os escravos, na \u00e9poca em que o analfabetismo imperava.<\/p>\n<p>  As pesquisas hist\u00f3ricas para 1789 foram orientadas pelo professor doutor Marcelo Henrique Dias, al\u00e9m de uma s\u00e9rie de debates no projeto Improviso, Oxente!, iniciada em 2008 e retomada em 2012.  O espet\u00e1culo foi um dos contemplados pelo edital setorial de teatro do Fundo de Cultura da Bahia. A produ\u00e7\u00e3o \u00e9 de Pawlo Cidade, atrav\u00e9s da entidade sociocultural Associa\u00e7\u00e3o Comunidade Tia Marita. <\/p>\n","protected":false},"excerpt":{"rendered":"<p>A partir desta ter\u00e7a-feira (02), o Teatro Popular de Ilh\u00e9us (TPI) come\u00e7a sua nova revolu\u00e7\u00e3o com a estreia de 1789. O espet\u00e1culo, uma \u00f3pera afro-rock, n\u00e3o s\u00f3 conta o fato hist\u00f3rico do levante dos escravos do Engenho de Santana, no s\u00e9culo XVIII. A pe\u00e7a discute ainda condi\u00e7\u00f5es de trabalho, autonomia de produ\u00e7\u00e3o e a necessidade [&hellip;]<\/p>\n","protected":false},"author":2,"featured_media":0,"comment_status":"open","ping_status":"open","sticky":false,"template":"","format":"standard","meta":{"_links_to":"","_links_to_target":""},"categories":[1],"tags":[],"_links":{"self":[{"href":"https:\/\/www.r2cpress.com.br\/v1\/wp-json\/wp\/v2\/posts\/68148"}],"collection":[{"href":"https:\/\/www.r2cpress.com.br\/v1\/wp-json\/wp\/v2\/posts"}],"about":[{"href":"https:\/\/www.r2cpress.com.br\/v1\/wp-json\/wp\/v2\/types\/post"}],"author":[{"embeddable":true,"href":"https:\/\/www.r2cpress.com.br\/v1\/wp-json\/wp\/v2\/users\/2"}],"replies":[{"embeddable":true,"href":"https:\/\/www.r2cpress.com.br\/v1\/wp-json\/wp\/v2\/comments?post=68148"}],"version-history":[{"count":2,"href":"https:\/\/www.r2cpress.com.br\/v1\/wp-json\/wp\/v2\/posts\/68148\/revisions"}],"predecessor-version":[{"id":68151,"href":"https:\/\/www.r2cpress.com.br\/v1\/wp-json\/wp\/v2\/posts\/68148\/revisions\/68151"}],"wp:attachment":[{"href":"https:\/\/www.r2cpress.com.br\/v1\/wp-json\/wp\/v2\/media?parent=68148"}],"wp:term":[{"taxonomy":"category","embeddable":true,"href":"https:\/\/www.r2cpress.com.br\/v1\/wp-json\/wp\/v2\/categories?post=68148"},{"taxonomy":"post_tag","embeddable":true,"href":"https:\/\/www.r2cpress.com.br\/v1\/wp-json\/wp\/v2\/tags?post=68148"}],"curies":[{"name":"wp","href":"https:\/\/api.w.org\/{rel}","templated":true}]}}