{"id":6819,"date":"2011-01-18T09:08:22","date_gmt":"2011-01-18T12:08:22","guid":{"rendered":"http:\/\/www.r2cpress.com.br\/v1\/?p=6819"},"modified":"2011-01-18T09:08:22","modified_gmt":"2011-01-18T12:08:22","slug":"bandidos-vestidos-com-farda-da-pm","status":"publish","type":"post","link":"https:\/\/www.r2cpress.com.br\/v1\/2011\/01\/18\/bandidos-vestidos-com-farda-da-pm\/","title":{"rendered":"Bandidos vestidos com farda da PM."},"content":{"rendered":"<p><img ALIGN = \"LEFT\" SRC = \"http:\/\/www.r2cpress.com.br\/v1\/wp-content\/uploads\/siri-email-moldura1.jpg\"\/>Infelizmente mais uma vez vou abordar um assunto que esta se tornando rotineiro em nosso Estado. Hoje na pacata Rua Conselheiro Dantas, por volta das 02h30min da manha, os moradores desta rua foram acordados por grito de socorro, cuja v\u00edtima era um jovem que estava sendo espancado por 3 (tres) PM\u00b4s, simplesmente pelo fato do mesmo ter roubado um placa de zinco do tapume que esta instalado na Pra\u00e7a Rui Barbosa. O jovem clamava por socorro e nenhum morador atendeu seu pedido. <\/p>\n<p><!--more--><\/p>\n<p>O mesmo falava para os PM\u00b4s que tinha pegado aquela folha de zinco para cobrir o telhado de sua casa e os fac\u00ednoras n\u00e3o tinha piedade e a todo momento espancava o rapaz. Eram 3 brutamontes armados ate os dentes, contra um rapaz indefeso. Eu infelizmente estava dormido, n\u00e3o pude registrar o fato e com certeza iria atender o apelo do jovem espancado. Tomei conhecimento do fato, quando acordei,  por meu irm\u00e3o e minha cunhada, censurando os mesmos por n\u00e3o terem ido em socorro do indefeso e por terem registrado o fato com uma c\u00e2mara. A\u00ed eu pergunta: eles PM\u00b4s parece n\u00e3o ter cora\u00e7\u00e3o, parece que o comando da PM instrui essas pessoas para procederem desta maneira. Hoje a sociedade n\u00e3o tem mais a policia como parceira, nem confia na mesma por estes fatos que est\u00e3o acontecendo em nosso Estado. Pode observar os relatos das vitimas feitas atrav\u00e9s da imprensa, como o caso recente do parente de Mirinho que foi espancado injustamente e que ate agora est\u00e3o impunes. Ate quando vamos ter que aturar estas atrocidades. Cad\u00ea a justi\u00e7a? Precisamos nos mobilizar, atrav\u00e9s do judici\u00e1rio e do executivo e convocar o comandante da PM local para prestar esclarecimentos. Precisamos voltar a confiar em nossa PM.<\/p>\n<p>Eduardo Carvalho &#8211; Siri<\/p>\n","protected":false},"excerpt":{"rendered":"<p>Infelizmente mais uma vez vou abordar um assunto que esta se tornando rotineiro em nosso Estado. Hoje na pacata Rua Conselheiro Dantas, por volta das 02h30min da manha, os moradores desta rua foram acordados por grito de socorro, cuja v\u00edtima era um jovem que estava sendo espancado por 3 (tres) PM\u00b4s, simplesmente pelo fato do [&hellip;]<\/p>\n","protected":false},"author":2,"featured_media":0,"comment_status":"open","ping_status":"open","sticky":false,"template":"","format":"standard","meta":{"_links_to":"","_links_to_target":""},"categories":[10],"tags":[],"_links":{"self":[{"href":"https:\/\/www.r2cpress.com.br\/v1\/wp-json\/wp\/v2\/posts\/6819"}],"collection":[{"href":"https:\/\/www.r2cpress.com.br\/v1\/wp-json\/wp\/v2\/posts"}],"about":[{"href":"https:\/\/www.r2cpress.com.br\/v1\/wp-json\/wp\/v2\/types\/post"}],"author":[{"embeddable":true,"href":"https:\/\/www.r2cpress.com.br\/v1\/wp-json\/wp\/v2\/users\/2"}],"replies":[{"embeddable":true,"href":"https:\/\/www.r2cpress.com.br\/v1\/wp-json\/wp\/v2\/comments?post=6819"}],"version-history":[{"count":3,"href":"https:\/\/www.r2cpress.com.br\/v1\/wp-json\/wp\/v2\/posts\/6819\/revisions"}],"predecessor-version":[{"id":6822,"href":"https:\/\/www.r2cpress.com.br\/v1\/wp-json\/wp\/v2\/posts\/6819\/revisions\/6822"}],"wp:attachment":[{"href":"https:\/\/www.r2cpress.com.br\/v1\/wp-json\/wp\/v2\/media?parent=6819"}],"wp:term":[{"taxonomy":"category","embeddable":true,"href":"https:\/\/www.r2cpress.com.br\/v1\/wp-json\/wp\/v2\/categories?post=6819"},{"taxonomy":"post_tag","embeddable":true,"href":"https:\/\/www.r2cpress.com.br\/v1\/wp-json\/wp\/v2\/tags?post=6819"}],"curies":[{"name":"wp","href":"https:\/\/api.w.org\/{rel}","templated":true}]}}