{"id":68221,"date":"2013-07-01T20:41:40","date_gmt":"2013-07-01T23:41:40","guid":{"rendered":"http:\/\/www.r2cpress.com.br\/v1\/?p=68221"},"modified":"2013-07-01T20:41:40","modified_gmt":"2013-07-01T23:41:40","slug":"faz-sentido","status":"publish","type":"post","link":"https:\/\/www.r2cpress.com.br\/v1\/2013\/07\/01\/faz-sentido\/","title":{"rendered":"Faz sentido?"},"content":{"rendered":"<p>O Colo Colo n\u00e3o fez o justo e merecido protesto contra o Itabuna. O azulino jogou tendo no seu uniforme  nome de uma emissora de r\u00e1dio o que contraria o estatuto do torcedor.<br \/>\nO Tribunal de Justi\u00e7a Desportiva da Federa\u00e7\u00e3o Baiana de Futebol, pelo que soubemos, n\u00e3o foi acionado pela diretoria do time ilheense. N\u00e3o hoube o protesto.<br \/>\n<strong>As minhas d\u00favidas s\u00e3o as seguintes:<\/strong><br \/>\nO fato do Tribunal tomar conhecimento do fato n\u00e3o seria suficiente para que ele tomasse as devidas provid\u00eancias?<br \/>\nEssa irregularidade cometida pelo Itabuna prescreve?<br \/>\nNesse caso se aplica a m\u00e1xima de que &#8220;O Direito n\u00e3o socorre aqueles que dormem&#8221;?<br \/>\nSe um torcedor, um advogado, entrar com esse pedido junto ao Tribunal  o Itabuna perderia os pontos e o Colo Colo entraria na elite do futebol da Bahia?<br \/>\nAlgu\u00e9m pode me explicar ou responder esses meus questionamentos?<br \/>\n  Esses questionamentos fazem sentido?<\/p>\n<p>Diga\u00ed!<\/p>\n","protected":false},"excerpt":{"rendered":"<p>O Colo Colo n\u00e3o fez o justo e merecido protesto contra o Itabuna. O azulino jogou tendo no seu uniforme nome de uma emissora de r\u00e1dio o que contraria o estatuto do torcedor. O Tribunal de Justi\u00e7a Desportiva da Federa\u00e7\u00e3o Baiana de Futebol, pelo que soubemos, n\u00e3o foi acionado pela diretoria do time ilheense. N\u00e3o [&hellip;]<\/p>\n","protected":false},"author":2,"featured_media":0,"comment_status":"open","ping_status":"open","sticky":false,"template":"","format":"standard","meta":{"_links_to":"","_links_to_target":""},"categories":[11],"tags":[],"_links":{"self":[{"href":"https:\/\/www.r2cpress.com.br\/v1\/wp-json\/wp\/v2\/posts\/68221"}],"collection":[{"href":"https:\/\/www.r2cpress.com.br\/v1\/wp-json\/wp\/v2\/posts"}],"about":[{"href":"https:\/\/www.r2cpress.com.br\/v1\/wp-json\/wp\/v2\/types\/post"}],"author":[{"embeddable":true,"href":"https:\/\/www.r2cpress.com.br\/v1\/wp-json\/wp\/v2\/users\/2"}],"replies":[{"embeddable":true,"href":"https:\/\/www.r2cpress.com.br\/v1\/wp-json\/wp\/v2\/comments?post=68221"}],"version-history":[{"count":3,"href":"https:\/\/www.r2cpress.com.br\/v1\/wp-json\/wp\/v2\/posts\/68221\/revisions"}],"predecessor-version":[{"id":68224,"href":"https:\/\/www.r2cpress.com.br\/v1\/wp-json\/wp\/v2\/posts\/68221\/revisions\/68224"}],"wp:attachment":[{"href":"https:\/\/www.r2cpress.com.br\/v1\/wp-json\/wp\/v2\/media?parent=68221"}],"wp:term":[{"taxonomy":"category","embeddable":true,"href":"https:\/\/www.r2cpress.com.br\/v1\/wp-json\/wp\/v2\/categories?post=68221"},{"taxonomy":"post_tag","embeddable":true,"href":"https:\/\/www.r2cpress.com.br\/v1\/wp-json\/wp\/v2\/tags?post=68221"}],"curies":[{"name":"wp","href":"https:\/\/api.w.org\/{rel}","templated":true}]}}