{"id":68225,"date":"2013-07-01T21:17:01","date_gmt":"2013-07-02T00:17:01","guid":{"rendered":"http:\/\/www.r2cpress.com.br\/v1\/?p=68225"},"modified":"2013-07-01T21:17:33","modified_gmt":"2013-07-02T00:17:33","slug":"fenaj-e-sindicatos-repudiam-agressoes-a-jornalistas","status":"publish","type":"post","link":"https:\/\/www.r2cpress.com.br\/v1\/2013\/07\/01\/fenaj-e-sindicatos-repudiam-agressoes-a-jornalistas\/","title":{"rendered":"FENAJ e Sindicatos repudiam agress\u00f5es a jornalistas"},"content":{"rendered":"<table width=\"100%\" border=\"0\" cellspacing=\"0\" cellpadding=\"0\">\n<tbody>\n<tr align=\"left\" valign=\"top\">\n<td style=\"text-align: center;\" colspan=\"2\"><span style=\"color: #003399; font-family: Tahoma,Verdana; font-size: large;\"><strong>FENAJ e Sindicatos repudiam agress\u00f5es a jornalistas<\/strong><\/span><\/td>\n<\/tr>\n<tr align=\"left\" valign=\"top\">\n<td colspan=\"2\"><\/td>\n<\/tr>\n<tr align=\"left\" valign=\"top\">\n<td colspan=\"2\">\n<div align=\"justify\"><span style=\"color: #003399; font-family: Arial,Helvetica,sans-serif; font-size: small;\"><span style=\"color: #003399; font-family: Arial,Helvetica,sans-serif; font-size: small;\"> <img alt=\"\" src=\"http:\/\/www.fenaj.org.br\/imagens\/violencia_interna.jpg\" align=\"right\" hspace=\"5\" vspace=\"5\" \/>As agress\u00f5es contra profissionais de imprensa na cobertura das manifesta\u00e7\u00f5es sociais que ocorrem no Brasil, tanto por parte de policiais quanto de manifestantes, foi repudiada pela <a href=\"http:\/\/www.fenaj.org.br\/materia.php?id=3879\" target=\"_blank\"><b>FENAJ<\/b><\/a> e pelos Sindicatos dos Jornalistas de 14 estados onde foram registradas ocorr\u00eancias nos \u00faltimos dias. Em audi\u00eancia p\u00fablica realizada em S\u00e3o Paulo no dia 25 de junho, o Grupo de Trabalho criado pela Secretaria de Direitos Humanos da Presid\u00eancia da Rep\u00fablica iniciou apura\u00e7\u00f5es sobre a viol\u00eancia contra profissionais da imprensa.<\/span><\/span>Durante a audi\u00eancia p\u00fablica, que ocorreu no Minist\u00e9rio P\u00fablico, diversos jornalistas foram ouvidos e relataram casos de persegui\u00e7\u00e3o e amea\u00e7as ap\u00f3s divulga\u00e7\u00e3o de mat\u00e9rias, principalmente de cunho investigativo policial, e tamb\u00e9m casos de agress\u00e3o f\u00edsica e de pris\u00f5es ocorridas na cobertura da imprensa das manifesta\u00e7\u00f5es lideradas pelo Movimento Passe Livre em S\u00e3o Paulo.<\/p>\n<p>O grupo de trabalho exercer\u00e1 suas atividades pelo prazo de 180 dias, que podem ser prorrogados por igual per\u00edodo. A inten\u00e7\u00e3o \u00e9 receber o maior n\u00famero de informa\u00e7\u00f5es sobre viola\u00e7\u00f5es ao trabalho da imprensa e tentar propor medidas para monitorar o uso da for\u00e7a policial e de prote\u00e7\u00e3o ao trabalho dos jornalistas.<\/p>\n<p>Um levantamento feito pela Associa\u00e7\u00e3o Brasileira de Jornalismo Investigativo (Abraji) apontou 41 casos de viol\u00eancia contra jornalistas em todo o pa\u00eds somente do in\u00edcio das manifesta\u00e7\u00f5es at\u00e9 a manh\u00e3 do dia 25. Do total, 19 ocorreram em S\u00e3o Paulo (com tr\u00eas jornalistas presos, 13 agredidos por policiais e tr\u00eas por manifestantes), seis no Rio de Janeiro (quatro agredidos ou feridos por policiais e dois agredidos por manifestantes), quatro na Bahia (um jornalista preso e tr\u00eas agredidos por policiais), um jornalista amea\u00e7ado por um seguran\u00e7a em Bras\u00edlia, um agredido por manifestante em Porto Alegre, seis agredidos por policiais em Fortaleza, dois agredidos por manifestantes em Porto Velho, uma agress\u00e3o por manifestante em Campinas e uma agress\u00e3o por manifestante em Manaus.<\/p>\n<\/div>\n<div align=\"justify\"><\/div>\n<div align=\"justify\"><!--more--><\/div>\n<div align=\"justify\"><span style=\"color: #003399; font-family: Arial,Helvetica,sans-serif; font-size: small;\"><span style=\"color: #003399; font-family: Arial,Helvetica,sans-serif; font-size: small;\"><br \/>\nAl\u00e9m disso, houve v\u00e1rios relatos de carros de imprensa que sofreram a\u00e7\u00f5es de manifestantes, como os carros de link da TV Record, queimado na frente da prefeitura de S\u00e3o Paulo, e o da TV Di\u00e1rio, incendiado em manifesta\u00e7\u00e3o na capital do Cear\u00e1, no dia 27. Tamb\u00e9m foi depredado um ve\u00edculo da TV Jangadeiro e presos um jornalista e um estudante de jornalismo, libertados ap\u00f3s a interven\u00e7\u00e3o de representantes do Sindicato de Jornalistas do Estado. Dirigentes do Sindjorce e da Fenaj se encontravam no local do conflito, acompanhando a cobertura das manifesta\u00e7\u00f5es que antecederam o jogo It\u00e1lia X Espanha, realizado em Fortaleza. O mesmo jornalista preso no dia 27 j\u00e1 havia sido atingido no olho por uma bala de borracha em manifesta\u00e7\u00e3o anterior, ocorrida durante o jogo Brasil x M\u00e9xico, na Arena Castel\u00e3o.<\/span><\/span>Tr\u00eas jornalistas paulistas foram detidos nas manifesta\u00e7\u00f5es ocorridas nos dias 11 e 13 de junho e foram registrados 20 casos de agress\u00f5es praticadas por policiais. No dia 17 de junho ocorreram quatro casos de agress\u00e3o contra jornalistas praticadas por manifestantes e o Sindicato dos Jornalistas de S\u00e3o Paulo est\u00e1 levantando casos ocorridos em outros munic\u00edpios do estado.<br \/>\nA entidade, que j\u00e1 fez v\u00e1rios <a href=\"http:\/\/www.jornalistasp.org.br\/index.php?option=com_content&amp;view=article&amp;id=4302&amp;catid=4302\" target=\"_blank\"><b>pronunciamentos<\/b><\/a> sobre os casos de viol\u00eancia, pretende entrar com a\u00e7\u00e3o coletiva por danos morais contra o governo do Estado de S\u00e3o Paulo em raz\u00e3o das agress\u00f5es aos jornalistas durante as manifesta\u00e7\u00f5es e colocou sua assessoria jur\u00eddica \u00e0 disposi\u00e7\u00e3o dos profissionais agredidos.<\/p>\n<p>O Sindicato dos Jornalistas do Cear\u00e1 (Sindjorce) repudiou agress\u00f5es aos jornalistas, durante cobertura das manifesta\u00e7\u00f5es que antecederam o jogo Brasil x M\u00e9xico, no Est\u00e1dio Castel\u00e3o, pela Copa das Confedera\u00e7\u00f5es da FIFA. Pelo menos seis jornalistas foram atingidos por balas de borracha, spray de pimenta, bombas de g\u00e1s lacrimog\u00eanio e de efeito moral e at\u00e9 golpes de cacetetes.<\/p>\n<p>A entidade <a href=\"http:\/\/www.sindjorce.org.br\/blog\/sindjorce-noticias\/categoria\/notas-e-avisos\/nota-de-repudio-e-preciso-apurar-e-punir-os-agressores-das-liberdades-de-imprensa-e-manifestacao\" target=\"_blank\"><b>registrou<\/b><\/a> os atos de viol\u00eancia, apoiou as manifesta\u00e7\u00f5es, &#8220;um ato leg\u00edtimo em uma democracia&#8221; e manifestou que &#8220;a viol\u00eancia, de qualquer um dos lados, n\u00e3o pode se sobrepor ao estado democr\u00e1tico de direito&#8221; e repudiou o &#8220;despreparo do Estado brasileiro, sobretudo do aparato policial, para lidar com este tipo de situa\u00e7\u00e3o&#8221;.<\/p>\n<p>No Distrito Federal, o Sindicato dos Jornalistas, al\u00e9m de repudiar os atos de <a href=\"http:\/\/www.sjpdf.org.br\/noticias-teste\/38-extra\/1252-nota-de-repudio-pela-violencia-e-em-defesa-da-liberdade-de-imprensa\" target=\"_blank\"><b>viol\u00eancia<\/b><\/a>, relatou que em um dos epis\u00f3dios mais graves, um rep\u00f3rter-cinematogr\u00e1fico da EBC foi amea\u00e7ado de morte com um rev\u00f3lver na barriga, para n\u00e3o continuar filmando a movimenta\u00e7\u00e3o que resultou na invas\u00e3o do Pal\u00e1cio do Itamaraty. Outra situa\u00e7\u00e3o deplor\u00e1vel aconteceu com um profissional que foi arrancado de um ve\u00edculo de reportagem e teve que correr dos manifestantes para evitar agress\u00f5es. A entidade cobrou das autoridades e das empresas de comunica\u00e7\u00e3o uma reuni\u00e3o de urg\u00eancia para estabelecer protocolos de seguran\u00e7a.<\/p>\n<p>A <a href=\"http:\/\/jornalistas.org.br\/index.php\/repudio-e-indignacao-diante-das-agressoes\/\" target=\"_blank\"><b>indigna\u00e7\u00e3o<\/b><\/a> com rela\u00e7\u00e3o \u00e0s agress\u00f5es foi manifestada, tamb\u00e9m, pelo Sindicato dos Jornalistas do Munic\u00edpio do Rio de Janeiro. Foram registrados casos de profissionais da GloboNews e de O Globo que foram atingidos por balas de borracha, de um rep\u00f3rter da EBC que foi espancado por seguran\u00e7as do Terminal Rodovi\u00e1rio de Niter\u00f3i e de um rep\u00f3rter de O Dia e os casos de dois profissionais atingidos, uma com uma lixeira e outro com uma pedra atirados por manifestantes.<\/p>\n<p>Al\u00e9m de cobrar das autoridades puni\u00e7\u00e3o aos &#8220;maus policiais que mostram despreparo para agir em situa\u00e7\u00e3o de tens\u00e3o e usam a viol\u00eancia indiscriminadamente&#8221;, o Sindicato do Rio repudiou a a\u00e7\u00e3o de v\u00e2ndalos e elementos infiltrados que tentam comprometer o car\u00e1ter majoritariamente pacifico e leg\u00edtimo das manifesta\u00e7\u00f5es. &#8220;Erros repetidamente cometidos por grandes empresas jornal\u00edsticas, como a manipula\u00e7\u00e3o de informa\u00e7\u00f5es, a criminaliza\u00e7\u00e3o dos movimentos sociais e de trabalhadores, o escamoteamento dos fatos para favorecer seus aliados econ\u00f4micos e pol\u00edticos n\u00e3o justificam o ataque a seus empregados&#8221;, registra o documento.<\/p>\n<p>Em <a href=\"http:\/\/www.sindijorpr.org.br\/noticia\/todo-apoio-as-manifestacoes-respeito-aos-jornalistas\/5110\" target=\"_blank\"><b>nota conjunta<\/b><\/a> com a Associa\u00e7\u00e3o de Rep\u00f3rteres Fotogr\u00e1ficos, o Sindicato dos Jornalistas do Paran\u00e1 repudiou o epis\u00f3dio ocorrido no dia 21 de junho, quando profissionais de imprensa que cobriam o ato no Pal\u00e1cio Igua\u00e7u, sede do governo do Estado, foram encurralados, apedrejados e insultados por uma minoria de pessoas que participavam do ato. Foi declarado apoio \u00e0s manifesta\u00e7\u00f5es que cobram direitos sociais. Mas condenaram as agress\u00f5es, salientando a import\u00e2ncia e necessidade da fun\u00e7\u00e3o do jornalista, do direito \u00e0 informa\u00e7\u00e3o e livre acesso.<\/p>\n<p>O Sindicato dos Jornalistas de Sergipe <a href=\"http:\/\/www.sindijor-se.com.br\/ler.php?codigo=567\" target=\"_blank\"><b>condenou<\/b><\/a> as agress\u00f5es registradas no dia 20 de junho, em Aracaju, contra profissionais de imprensa. O Sindicato dos Jornalistas de Sergipe vem a p\u00fablico prestar solidariedade aos colegas comunicadores que foram agredidos no ato p\u00fablico realizado na \u00faltima quinta-feira, dia 20 em Aracaju. &#8220;Por v\u00e1rias vezes n\u00e3o concordamos com a linha editorial dos v\u00e1rios ve\u00edculos de comunica\u00e7\u00e3o, n\u00e3o s\u00f3 em Sergipe, mas tamb\u00e9m no Brasil, por isso estamos, junto aos demais movimentos sociais e sindicais, na luta pela democratiza\u00e7\u00e3o da comunica\u00e7\u00e3o e contra o monop\u00f3lio na m\u00eddia brasileira, para que o povo brasileiro possa ter vez e voz, mas repudiamos que profissionais da comunica\u00e7\u00e3o sejam agredidos, principalmente, quando est\u00e3o no exerc\u00edcio de seu trabalho&#8221;, diz a nota.<\/p>\n<p>Em Pernambuco, profissionais de imprensa foram agredidos por policiais e tiveram seu trabalho cerceado quando cobriam uma <a href=\"http:\/\/www.sinjope.org.br\/noticias-detalhe.php?idNoticia=4200\" target=\"_blank\"><b>manifesta\u00e7\u00e3o<\/b><\/a> no Derby, em Recife, no dia 21 de junho. Segundo relato do Sindicato dos Jornalistas, &#8220;Mesmo ap\u00f3s se identificar como rep\u00f3rter, um jornalista do NE10 foi intimidado por quatro policiais e obrigado a apagar as imagens e desligar a c\u00e2mera. Um rep\u00f3rter fotogr\u00e1fico da Folha de Pernambuco tentou intervir na defesa de seu colega e foi expulso do local por PMs. Uma jornalista do Portal G1-PE foi atingida no rosto por spray de pimenta&#8221;. A entidade cobrou da Secretaria de Defesa Social a identifica\u00e7\u00e3o e puni\u00e7\u00e3o dos agressores e a imediata revis\u00e3o dos procedimentos adotados pela PM durante coberturas jornal\u00edsticas.<\/p>\n<p>No Rio Grande do Sul, onde j\u00e1 foram registrados v\u00e1rios atos de viol\u00eancia contra profissionais de imprensa, o Sindicato dos Jornalistas tamb\u00e9m declarou seu apoio \u00e0 mobiliza\u00e7\u00e3o social, mas condenou as tentativas de impedir os jornalistas de realizarem seu trabalho, a viol\u00eancia policial e as e amea\u00e7as de invas\u00e3o de pr\u00e9dios p\u00fablicos e privados. Segundo a <a href=\"http:\/\/www.jornalistas-rs.org.br\/?pagina=noticia-ler&amp;id=1353\" target=\"_blank\"><b>nota<\/b><\/a>, &#8220;A sociedade deve, sim, ir para as ruas com pautas que possam mudar esse sistema, primando em especial pelo fim do monop\u00f3lio das empresas de Comunica\u00e7\u00e3o, mas para isso n\u00e3o pode amea\u00e7ar, mesmo veladamente, a integridade f\u00edsica dos profissionais que nelas trabalham. Com isso, o Sindicato dos Jornalistas Profissionais do RS e a Fenaj, que lutam por um novo Marco Regulat\u00f3rio nas Comunica\u00e7\u00f5es, querem a garantia e o respeito ao trabalho de todos os profissionais, que no seu dia a dia v\u00e3o em busca da melhor informa\u00e7\u00e3o, no sentido de atender os anseios de toda a sociedade&#8221;.<\/p>\n<p><i>Com informa\u00e7\u00f5es da Ag\u00eancia Brasil e dos Sindicatos dos Jornalistas de S\u00e3o Paulo, Cear\u00e1, Distrito Federal, Munic\u00edpio do Rio de Janeiro, Paran\u00e1, Sergipe, Pernambuco e Rio Grande do Sul.<\/i><\/p>\n<\/div>\n<\/td>\n<\/tr>\n<\/tbody>\n<\/table>\n","protected":false},"excerpt":{"rendered":"<p>FENAJ e Sindicatos repudiam agress\u00f5es a jornalistas As agress\u00f5es contra profissionais de imprensa na cobertura das manifesta\u00e7\u00f5es sociais que ocorrem no Brasil, tanto por parte de policiais quanto de manifestantes, foi repudiada pela FENAJ e pelos Sindicatos dos Jornalistas de 14 estados onde foram registradas ocorr\u00eancias nos \u00faltimos dias. Em audi\u00eancia p\u00fablica realizada em S\u00e3o [&hellip;]<\/p>\n","protected":false},"author":2,"featured_media":0,"comment_status":"open","ping_status":"open","sticky":false,"template":"","format":"standard","meta":{"_links_to":"","_links_to_target":""},"categories":[18],"tags":[],"_links":{"self":[{"href":"https:\/\/www.r2cpress.com.br\/v1\/wp-json\/wp\/v2\/posts\/68225"}],"collection":[{"href":"https:\/\/www.r2cpress.com.br\/v1\/wp-json\/wp\/v2\/posts"}],"about":[{"href":"https:\/\/www.r2cpress.com.br\/v1\/wp-json\/wp\/v2\/types\/post"}],"author":[{"embeddable":true,"href":"https:\/\/www.r2cpress.com.br\/v1\/wp-json\/wp\/v2\/users\/2"}],"replies":[{"embeddable":true,"href":"https:\/\/www.r2cpress.com.br\/v1\/wp-json\/wp\/v2\/comments?post=68225"}],"version-history":[{"count":4,"href":"https:\/\/www.r2cpress.com.br\/v1\/wp-json\/wp\/v2\/posts\/68225\/revisions"}],"predecessor-version":[{"id":68229,"href":"https:\/\/www.r2cpress.com.br\/v1\/wp-json\/wp\/v2\/posts\/68225\/revisions\/68229"}],"wp:attachment":[{"href":"https:\/\/www.r2cpress.com.br\/v1\/wp-json\/wp\/v2\/media?parent=68225"}],"wp:term":[{"taxonomy":"category","embeddable":true,"href":"https:\/\/www.r2cpress.com.br\/v1\/wp-json\/wp\/v2\/categories?post=68225"},{"taxonomy":"post_tag","embeddable":true,"href":"https:\/\/www.r2cpress.com.br\/v1\/wp-json\/wp\/v2\/tags?post=68225"}],"curies":[{"name":"wp","href":"https:\/\/api.w.org\/{rel}","templated":true}]}}