{"id":6829,"date":"2011-01-18T11:20:00","date_gmt":"2011-01-18T14:20:00","guid":{"rendered":"http:\/\/www.r2cpress.com.br\/v1\/?p=6829"},"modified":"2011-01-18T11:20:00","modified_gmt":"2011-01-18T14:20:00","slug":"alfredo-amorim-em-10taques","status":"publish","type":"post","link":"https:\/\/www.r2cpress.com.br\/v1\/2011\/01\/18\/alfredo-amorim-em-10taques\/","title":{"rendered":"Alfredo Amorim em: &#8220;10TAQUES&#8221;"},"content":{"rendered":"<p><center><strong>Manoel Misael da Silva Tavares<br \/>\n<\/strong><\/center><br \/>\n<center><div id=\"attachment_6830\" style=\"width: 205px\" class=\"wp-caption alignnone\"><a href=\"http:\/\/www.r2cpress.com.br\/v1\/wp-content\/uploads\/MISAEL-TAVARES-_-ALFREDINHO.jpg\"><img aria-describedby=\"caption-attachment-6830\" loading=\"lazy\" src=\"http:\/\/www.r2cpress.com.br\/v1\/wp-content\/uploads\/MISAEL-TAVARES-_-ALFREDINHO-195x300.jpg\" alt=\"\" title=\"MISAEL TAVARES _ ALFREDINHO\" width=\"195\" height=\"300\" class=\"size-medium wp-image-6830\" srcset=\"https:\/\/www.r2cpress.com.br\/v1\/wp-content\/uploads\/MISAEL-TAVARES-_-ALFREDINHO-195x300.jpg 195w, https:\/\/www.r2cpress.com.br\/v1\/wp-content\/uploads\/MISAEL-TAVARES-_-ALFREDINHO.jpg 306w\" sizes=\"(max-width: 195px) 100vw, 195px\" \/><\/a><p id=\"caption-attachment-6830\" class=\"wp-caption-text\">Coronel Misael Tavares<\/p><\/div><\/center><\/p>\n<p><img align = \"left\" src = \"http:\/\/www.r2cpress.com.br\/v1\/wp-content\/uploads\/alfredo-amorim-nova.jpg\"\/><strong>Manoel Misael da Silva Tavares<\/strong>, nascido no Cururupe, vila de Oliven\u00e7a, na Bahia, em 16 de dezembro de 1866, filho de Manoel da Silva Tavares e Salom\u00e9ia Fernandes da Silva, irm\u00e3 do Cel. Jos\u00e9 Gaud\u00eancio da Silva, casou-se com Eufrozina Berbert Tavares em 20 de fevereiro de 1897 com quem teve os seguintes filhos: Manoel Berbert Tavares; Armando Berbert Tavares; Am\u00e9lia Tavares Amado, casada com Gileno Amado; Indal\u00edcio Berbert Tavares; Ivone Tavares D\u00f3rea, casada com Francisco D\u00f3rea; Gumercindo Berbert Tavares; Jos\u00e9 Berbert Tavares; Oscar Berbert Tavares; Diva Tavares Mendon\u00e7a, casada com Herder Mendon\u00e7a; e Misael Berbert Tavares. (Arthur, Anatolino, Evaristo, Hilda, estes faleceram ainda jovens)<\/p>\n<p>Teve tamb\u00e9m um relacionamento extra conjugal com a Sra. Od\u00edlia Maria de Oliveira com quem teve os seguintes filhos: Waldemar Oliveira Tavares; Zuleika Tavares Barreto, casada com Am\u00e9rico Alves Barreto; Ismael Oliveira Tavares; Hermes Oliveira Tavares; Anita Oliveira Tavares e Od\u00edlia Tavares Pinto, casada com Almir Barreto Pinto. <\/p>\n<p><!--more--><\/p>\n<p>De origem modesta, era tropeiro, com pouca instru\u00e7\u00e3o, mas dotado de grandes qualidades, senso de oportunidade e seguran\u00e7a nas decis\u00f5es. Em 1894, com o aux\u00edlio do antigo patr\u00e3o e amigo, Coronel Ramiro Idelfonso de Araujo Castro, que lhe deu cr\u00e9dito para abrir uma pequena venda e comercio de compra de cacau em Vila Cachoeira; data em que tamb\u00e9m comprou a sua primeira fazenda de cacau; foi que deu in\u00edcio a sua vida de sucesso como empres\u00e1rio, pol\u00edtico e cacauicultor. Banqueiro, propriet\u00e1rio do Banco Misael Tavares, fundado em 1932; industrial, pioneiro na industrializa\u00e7\u00e3o e cultura do cacau, s\u00f3cio de Hugo Kaufmann na firma Kaufmann &#038; Tavares, Usina Vit\u00f3ria; um dos donos da Companhia Industrial de Ilh\u00e9us, que aparelhou o porto de Ilh\u00e9us para a exporta\u00e7\u00e3o direta, s\u00f3cio da Companhia Via\u00e7\u00e3o Sul Bahiana, (Sulba); s\u00f3cio do \u201cJornal de Ilh\u00e9us\u201d, e do jornal \u201cO Comercio\u201d; membro da Associa\u00e7\u00e3o de Agricultores de Ilh\u00e9us, um dos fundadores e tamb\u00e9m Presidente (1934\/38) da Associa\u00e7\u00e3o Comercial de Ilh\u00e9us, membro e fundador da Loja Ma\u00e7\u00f4nica Regenera\u00e7\u00e3o Sul Baiano; Dono da empresa de abastecimento de \u00e1gua da cidade. Foi o maior produtor de cacau do Brasil cognominado como o \u201cRei do Cacau\u201d. <\/p>\n<p>O Cel. Misael foi um dos maiores contribuintes para o progresso de Ilh\u00e9us, sendo de sua iniciativa as maiores constru\u00e7\u00f5es da cidade: Ilh\u00e9us Hotel constru\u00eddo pela construtora alem\u00e3, Em\u00edlio Odebrecht &#038; Cia. com dire\u00e7\u00e3o t\u00e9cnica de Eduardo Argos em 1929; o pal\u00e1cio de sua resid\u00eancia, hoje Pal\u00e1cio Misael Tavares onde funciona a Loja Ma\u00e7\u00f4nica Regenera\u00e7\u00e3o Sul Baiano, dentre outros. <\/p>\n<p>Em 17 de abril de 1905, por decreto, foi nomeado Coronel Comandante da 40\u00aa Brigada de Cavalaria da Guarda Nacional da Comarca de Ilh\u00e9us.<\/p>\n<p>Come\u00e7ou na vida p\u00fablica como delegado de pol\u00edcia no distrito de sua resid\u00eancia. Exerceu v\u00e1rios cargos p\u00fablicos no Munic\u00edpio de Ilh\u00e9us: Presidente do Conselho Municipal, 1912\/16; Intendente do Munic\u00edpio de 1916\/20, este por nomea\u00e7\u00e3o do governo do estado.<\/p>\n<p>Pertencia a v\u00e1rias institui\u00e7\u00f5es: Santa Casa de Miseric\u00f3rdia da Bahia, Santa Casa de Miseric\u00f3rdia de Ilh\u00e9us, Associa\u00e7\u00e3o Comercial de Ilh\u00e9us, da qual foi fundador e Presidente da Assembl\u00e9ia Geral.<\/p>\n<p>Em 19 de dezembro de 1946, em sua homenagem, atrav\u00e9s do Sr. Gileno Amado, seu genro, a Companhia Nacional de Avia\u00e7\u00e3o doou ao Aeroclube de Ilh\u00e9us um avi\u00e3o ao qual deu o nome de \u201cMisael Tavares\u201d em solenidade presidida pelo Ministro Salgado Filho, no Rio de Janeiro, sendo paraninfo o advogado Ernesto S\u00e1, estando presente tamb\u00e9m \u00e0 cerim\u00f4nia o Sr. Assis Chateaubriand. <\/p>\n<p>Fazia parte do grupo pol\u00edtico do Coronel Ant\u00f4nio Pessoa da Costa e Silva, de quem era amigo pessoal, mas em 1922 por motivos pol\u00edticos e pessoais desligou-se do grupo aliando-se ao grupo pol\u00edtico opositor, Arthur Lavigne de Lemos e Ruy Penalva de Faria, o que deu uma confus\u00e3o muito grande precisando da interven\u00e7\u00e3o do ent\u00e3o Bispo Diocesano, D. Manoel de Paiva, dos Drs. Joaquim Jos\u00e9 Ramos e J\u00falio Jos\u00e9 de Brito, Juizes de Direito da Comarca de Ilh\u00e9us, para acabar com a peleja feita atrav\u00e9s dos jornais \u201cCorreio de Ilh\u00e9us\u201d, do grupo pol\u00edtico do Cel. Pessoa e o \u201cO Comercio\u201d pertencente \u00e0 Misael Tavares. Depois fizeram as pazes.<\/p>\n<p>Faleceu no Rio de Janeiro, no Hotel Avenida, de colapso card\u00edaco, em 8 de fevereiro de 1938 \u00e0s 22 horas com 70 anos de vida. Seu corpo ficou em C\u00e2mara ardente na sede da Associa\u00e7\u00e3o Comercial do Rio de Janeiro.<br \/>\nA not\u00edcia de seu falecimento foi transmitida pelas r\u00e1dios do Rio de Janeiro para todo o pa\u00eds.<\/p>\n<p>Seu corpo foi trasladado para Ilh\u00e9us em avi\u00e3o especial da \u201cCondor\u201d acompanhado pelos filhos Jos\u00e9 e Oscar, pelo genro Gileno Amado, Ramiro Berbert de Castro e mais amigos. Chegaram ao aeroporto de Sapetinga, em 12 de fevereiro de 1938, s\u00e1bado, \u00e0s 14:00 horas. O transbordo para Ilh\u00e9us foi feito em lancha at\u00e9 o cais da Cia. Industrial, no Porto de Ilh\u00e9us, o cortejo f\u00fanebre foi acompanhado por grande multid\u00e3o at\u00e9 o seu palacete residencial \u00e0 Rua Conselheiro Saraiva, hoje Rua Ant\u00f4nio Lavigne de Lemos.  A Prefeitura encerrou o expediente em sinal de pesar, o comercio fechou as portas tamb\u00e9m em sinal de pesar. As institui\u00e7\u00f5es de classe a que pertencia hastearam a bandeira em sinal de luto. <\/p>\n<p>Na manh\u00e3 de 13 de fevereiro de 1938, ap\u00f3s a missa de corpo presente celebrada por Dom Eduardo Herberhold, Bispo de Ilh\u00e9us, com a presen\u00e7a de representantes de todas as entidades de classe da cidade e a sociedade em geral, deu-se inicio ao cortejo f\u00fanebre, sendo o ata\u00fade trasladado em coche funer\u00e1rio, acompanhado por pessoas de todas as classes sociais at\u00e9 o cemit\u00e9rio da Conquista, hoje Cemit\u00e9rio da Vit\u00f3ria. Antes de baixar o ata\u00fade, falou o Sr. Ramiro Berbert de Castro, em nome dos amigos e em nome da fam\u00edlia Oscar Berbert Tavares. <\/p>\n<p>Ap\u00f3s o enterramento, o avi\u00e3o que o havia trasladado a Ilh\u00e9us, fez evolu\u00e7\u00f5es sobre o cemit\u00e9rio, lan\u00e7ando rosas sobre o seu t\u00famulo. <\/p>\n<p>O seu t\u00famulo, no Cemit\u00e9rio da Vit\u00f3ria, foi projetado pelo escultor italiano Pascoal de Chirico.<\/p>\n","protected":false},"excerpt":{"rendered":"<p>Manoel Misael da Silva Tavares Manoel Misael da Silva Tavares, nascido no Cururupe, vila de Oliven\u00e7a, na Bahia, em 16 de dezembro de 1866, filho de Manoel da Silva Tavares e Salom\u00e9ia Fernandes da Silva, irm\u00e3 do Cel. Jos\u00e9 Gaud\u00eancio da Silva, casou-se com Eufrozina Berbert Tavares em 20 de fevereiro de 1897 com quem [&hellip;]<\/p>\n","protected":false},"author":2,"featured_media":0,"comment_status":"open","ping_status":"open","sticky":false,"template":"","format":"standard","meta":{"_links_to":"","_links_to_target":""},"categories":[10],"tags":[],"_links":{"self":[{"href":"https:\/\/www.r2cpress.com.br\/v1\/wp-json\/wp\/v2\/posts\/6829"}],"collection":[{"href":"https:\/\/www.r2cpress.com.br\/v1\/wp-json\/wp\/v2\/posts"}],"about":[{"href":"https:\/\/www.r2cpress.com.br\/v1\/wp-json\/wp\/v2\/types\/post"}],"author":[{"embeddable":true,"href":"https:\/\/www.r2cpress.com.br\/v1\/wp-json\/wp\/v2\/users\/2"}],"replies":[{"embeddable":true,"href":"https:\/\/www.r2cpress.com.br\/v1\/wp-json\/wp\/v2\/comments?post=6829"}],"version-history":[{"count":3,"href":"https:\/\/www.r2cpress.com.br\/v1\/wp-json\/wp\/v2\/posts\/6829\/revisions"}],"predecessor-version":[{"id":6833,"href":"https:\/\/www.r2cpress.com.br\/v1\/wp-json\/wp\/v2\/posts\/6829\/revisions\/6833"}],"wp:attachment":[{"href":"https:\/\/www.r2cpress.com.br\/v1\/wp-json\/wp\/v2\/media?parent=6829"}],"wp:term":[{"taxonomy":"category","embeddable":true,"href":"https:\/\/www.r2cpress.com.br\/v1\/wp-json\/wp\/v2\/categories?post=6829"},{"taxonomy":"post_tag","embeddable":true,"href":"https:\/\/www.r2cpress.com.br\/v1\/wp-json\/wp\/v2\/tags?post=6829"}],"curies":[{"name":"wp","href":"https:\/\/api.w.org\/{rel}","templated":true}]}}