{"id":68296,"date":"2013-07-04T09:41:45","date_gmt":"2013-07-04T12:41:45","guid":{"rendered":"http:\/\/www.r2cpress.com.br\/v1\/?p=68296"},"modified":"2013-07-04T09:41:45","modified_gmt":"2013-07-04T12:41:45","slug":"atropelamento","status":"publish","type":"post","link":"https:\/\/www.r2cpress.com.br\/v1\/2013\/07\/04\/atropelamento\/","title":{"rendered":"ATROPELAMENTO"},"content":{"rendered":"<p>Fato lament\u00e1vel aconteceu no dia 26 de junho, na Avenida Canavieiras, em frente ao Col\u00e9gio F\u00eanix. \u00c0s 12:00h. o prof. Arl\u00e9o Barbosa Diretor do Col\u00e9gio, estava atravessando a faixa para pedestre quando uma moto o atropelou e por um triz n\u00e3o ceifou a vida daquele professor, pois o idoso, septuagen\u00e1rio, foi jogado ao ch\u00e3o batendo a cabe\u00e7a no asfalto e tomando forte pancada na perna al\u00e9m de escoria\u00e7\u00f5es em todo o corpo. Foi removido imediatamente, para o Hospital Regional onde fez os exames necess\u00e1rios. Ficou 24 horas em observa\u00e7\u00e3o e j\u00e1 est\u00e1 em casa onde, gra\u00e7as a Deus, est\u00e1 se recuperando.<br \/>\nA faixa de pedestre \u00e9 importante espa\u00e7o que deveria oferecer seguran\u00e7a aos que a atravessam. Infelizmente qualquer descuido do motorista e as consequ\u00eancias poder\u00e3o ser imprevis\u00edveis.<\/p>\n","protected":false},"excerpt":{"rendered":"<p>Fato lament\u00e1vel aconteceu no dia 26 de junho, na Avenida Canavieiras, em frente ao Col\u00e9gio F\u00eanix. \u00c0s 12:00h. o prof. Arl\u00e9o Barbosa Diretor do Col\u00e9gio, estava atravessando a faixa para pedestre quando uma moto o atropelou e por um triz n\u00e3o ceifou a vida daquele professor, pois o idoso, septuagen\u00e1rio, foi jogado ao ch\u00e3o batendo [&hellip;]<\/p>\n","protected":false},"author":2,"featured_media":0,"comment_status":"open","ping_status":"open","sticky":false,"template":"","format":"standard","meta":{"_links_to":"","_links_to_target":""},"categories":[10],"tags":[],"_links":{"self":[{"href":"https:\/\/www.r2cpress.com.br\/v1\/wp-json\/wp\/v2\/posts\/68296"}],"collection":[{"href":"https:\/\/www.r2cpress.com.br\/v1\/wp-json\/wp\/v2\/posts"}],"about":[{"href":"https:\/\/www.r2cpress.com.br\/v1\/wp-json\/wp\/v2\/types\/post"}],"author":[{"embeddable":true,"href":"https:\/\/www.r2cpress.com.br\/v1\/wp-json\/wp\/v2\/users\/2"}],"replies":[{"embeddable":true,"href":"https:\/\/www.r2cpress.com.br\/v1\/wp-json\/wp\/v2\/comments?post=68296"}],"version-history":[{"count":2,"href":"https:\/\/www.r2cpress.com.br\/v1\/wp-json\/wp\/v2\/posts\/68296\/revisions"}],"predecessor-version":[{"id":68298,"href":"https:\/\/www.r2cpress.com.br\/v1\/wp-json\/wp\/v2\/posts\/68296\/revisions\/68298"}],"wp:attachment":[{"href":"https:\/\/www.r2cpress.com.br\/v1\/wp-json\/wp\/v2\/media?parent=68296"}],"wp:term":[{"taxonomy":"category","embeddable":true,"href":"https:\/\/www.r2cpress.com.br\/v1\/wp-json\/wp\/v2\/categories?post=68296"},{"taxonomy":"post_tag","embeddable":true,"href":"https:\/\/www.r2cpress.com.br\/v1\/wp-json\/wp\/v2\/tags?post=68296"}],"curies":[{"name":"wp","href":"https:\/\/api.w.org\/{rel}","templated":true}]}}