{"id":6834,"date":"2011-01-18T12:40:50","date_gmt":"2011-01-18T15:40:50","guid":{"rendered":"http:\/\/www.r2cpress.com.br\/v1\/?p=6834"},"modified":"2011-01-18T12:40:50","modified_gmt":"2011-01-18T15:40:50","slug":"midia-catastrofes-coerencias","status":"publish","type":"post","link":"https:\/\/www.r2cpress.com.br\/v1\/2011\/01\/18\/midia-catastrofes-coerencias\/","title":{"rendered":"M\u00cdDIA, CAT\u00c1STROFES, COER\u00caNCIAS"},"content":{"rendered":"<p><strong>A hora das verdades<\/strong><br \/>\nPor Alberto Dines em 18\/1\/2011<\/p>\n<p><em>&#8220;Quando a trag\u00e9dia nos golpeia, nossa natureza pede explica\u00e7\u00f5es, tenta p\u00f4r ordem no caos, busca um sentido naquilo que n\u00e3o parece ter sentido algum.&#8221;<\/em> <strong>(Barack Obama, 12\/1\/2011)<\/strong><\/p>\n<p>O presidente americano estava em Tucson, Arizona, para homenagear os mortos no atentado terrorista contra a deputada democrata Gabrielle Giffords. Horas depois, na madrugada daquela mesma quarta-feira (12\/1), desabava na regi\u00e3o serrana do Rio de Janeiro uma violenta tromba d\u2019\u00e1gua que provocou o maior desastre j\u00e1 registrado na hist\u00f3ria brasileira. O emocionado discurso de Obama, elogiado at\u00e9 pelos advers\u00e1rios, foi considerado um de seus melhores: aplacou os \u00f3dios, sobretudo evitou prejulgamentos simples e f\u00e1ceis.<\/p>\n<p>Marcada pela sucess\u00e3o de desastres clim\u00e1ticos acontecidos um ano antes nos estados do Rio de Janeiro, S\u00e3o Paulo e Minas, nossa m\u00eddia reagiu com indigna\u00e7\u00e3o. Denunciou a desaten\u00e7\u00e3o das autoridades aos alarmes, reclamou contra a aus\u00eancia de uma pol\u00edtica preven\u00e7\u00e3o, acusou os pol\u00edticos demagogos que em troca de votos mant\u00eam grandes parcelas da popula\u00e7\u00e3o em \u00e1reas de risco.<\/p>\n<p><!--more--><\/p>\n<p>A m\u00eddia acordou antes das autoridades, mostrou a cat\u00e1strofe enquanto se consumava e est\u00e1 cobrindo todos os desdobramentos com uma persist\u00eancia inusitada. A assombrosa cadeia de solidariedade que prontamente se articulou em todo o pa\u00eds foi uma resposta a este esfor\u00e7o de reportagem. A participa\u00e7\u00e3o da \u00e2ncora do Jornal Nacional Renata Vasconcellos, durante dois dias na cobertura in loco, foi simb\u00f3lica: ofereceu ao nosso telejornalismo aquela devo\u00e7\u00e3o ao of\u00edcio h\u00e1 muito desaparecida.<\/p>\n<p><strong>Hegemonia criminosa<\/strong><\/p>\n<p>A m\u00eddia sente-se, portanto, legitimada para fazer exig\u00eancias, espernear, indignar-se, malhar. Mas precisa levar em conta o entrela\u00e7amento das causas: n\u00e3o foi s\u00f3 a quantidade de chuva \u2013 nem apenas a precariedade em que vive parcela substancial da nossa popula\u00e7\u00e3o \u2013 a respons\u00e1vel pelo funesto recorde de v\u00edtimas.<\/p>\n<p>Apesar da euforia do \u00faltimo ano, o pa\u00eds est\u00e1 atolado em impasses cruciais. O regime, as institui\u00e7\u00f5es, a sociedade vivem contradi\u00e7\u00f5es que se agigantam, assustadoras, nas emerg\u00eancias.<\/p>\n<p>Nossa imprensa ainda n\u00e3o conseguiu assumir-se como real prestadora de servi\u00e7os p\u00fablicos. N\u00e3o \u00e9 uma concession\u00e1ria, mas a principal benefici\u00e1ria de um sistema de liberdades que a obriga a contrapartidas e sacrif\u00edcios que n\u00e3o ousa fazer. Assustada com os boatos que ela pr\u00f3pria divulga sobre o seu pr\u00f3ximo fim, esquece a miss\u00e3o de defender o sagrado interesse coletivo mesmo quando os seus est\u00e3o amea\u00e7ados.<\/p>\n<p>O crescimento das nossas cidades precisa ser drasticamente disciplinado, o uso do autom\u00f3vel precisa ser limitado, o crescimento da economia deve ser sustent\u00e1vel, o consumismo e o desperd\u00edcio n\u00e3o podem ser as molas mestras do desenvolvimento. No entanto, nenhum ve\u00edculo jornal\u00edstico tem a coragem de mostrar as aberra\u00e7\u00f5es e distor\u00e7\u00f5es produzidas pelo mercado imobili\u00e1rio ou propor qualquer limita\u00e7\u00e3o \u00e0 criminosa hegemonia dos carros nas vias urbanas.<\/p>\n<p>Conv\u00e9m n\u00e3o esquecer que a m\u00eddia paulistana n\u00e3o apenas abominou, mas fez o poss\u00edvel e o imposs\u00edvel para impedir a ado\u00e7\u00e3o do rod\u00edzio de carros em 1996. Temia uma forte redu\u00e7\u00e3o nas vendas que, infelizmente, n\u00e3o se materializou.<\/p>\n<p><strong>Fun\u00e7\u00e3o da trag\u00e9dia<\/strong><\/p>\n<p>Enquanto a meteorologia se torna a vedete do notici\u00e1rio e as defici\u00eancias na previs\u00e3o do tempo dominam as arengas dos recantos de opini\u00e3o, \u00e9 preciso reconhecer que nossa m\u00eddia \u2013 com a exce\u00e7\u00e3o das emissoras de r\u00e1dio \u2013 ainda n\u00e3o aprendeu a induzir o seu p\u00fablico a se interessar pelas varia\u00e7\u00f5es do tempo. Nem os jornais, a televis\u00e3o ou a internet conseguem sensibilizar as respectivas audi\u00eancias para esse importante indicador publicado diariamente h\u00e1 mais de um s\u00e9culo, apto a evitar inconvenientes pessoais e cat\u00e1strofes nacionais, no entanto invariavelmente tosco.<\/p>\n<p>Para impor-se junto \u00e0 opini\u00e3o p\u00fablica, a imprensa deve se mostrar capaz de dolorosas coer\u00eancias e sacrif\u00edcios. A mesma veem\u00eancia para denunciar pol\u00edticos corruptos deveria dirigir-se \u00e0s incorporadoras e construtoras que apostam em aglomerados de luxo, esquecidas de que cada unidade produzir\u00e1 automaticamente cinco ou seis casebres em \u00e1reas de risco na periferia.<\/p>\n<p>A fun\u00e7\u00e3o da trag\u00e9dia \u00e9 produzir catarses, delas nascem verdades. Uma imprensa sadia n\u00e3o pode ignor\u00e1-las. Uma imprensa madura deve pressentir que tamb\u00e9m ela tem culpas. <\/p>\n<p>&#8212;<br \/>\n<a href = \"http:\/\/www.observatoriodaimprensa.com.br\/artigos.asp?cod=625IMQ001\" target = \"_news\"><b>Observat\u00f3rio da Imprensa<\/b><\/a><\/p>\n","protected":false},"excerpt":{"rendered":"<p>A hora das verdades Por Alberto Dines em 18\/1\/2011 &#8220;Quando a trag\u00e9dia nos golpeia, nossa natureza pede explica\u00e7\u00f5es, tenta p\u00f4r ordem no caos, busca um sentido naquilo que n\u00e3o parece ter sentido algum.&#8221; (Barack Obama, 12\/1\/2011) O presidente americano estava em Tucson, Arizona, para homenagear os mortos no atentado terrorista contra a deputada democrata Gabrielle [&hellip;]<\/p>\n","protected":false},"author":2,"featured_media":0,"comment_status":"open","ping_status":"open","sticky":false,"template":"","format":"standard","meta":{"_links_to":"","_links_to_target":""},"categories":[12],"tags":[],"_links":{"self":[{"href":"https:\/\/www.r2cpress.com.br\/v1\/wp-json\/wp\/v2\/posts\/6834"}],"collection":[{"href":"https:\/\/www.r2cpress.com.br\/v1\/wp-json\/wp\/v2\/posts"}],"about":[{"href":"https:\/\/www.r2cpress.com.br\/v1\/wp-json\/wp\/v2\/types\/post"}],"author":[{"embeddable":true,"href":"https:\/\/www.r2cpress.com.br\/v1\/wp-json\/wp\/v2\/users\/2"}],"replies":[{"embeddable":true,"href":"https:\/\/www.r2cpress.com.br\/v1\/wp-json\/wp\/v2\/comments?post=6834"}],"version-history":[{"count":2,"href":"https:\/\/www.r2cpress.com.br\/v1\/wp-json\/wp\/v2\/posts\/6834\/revisions"}],"predecessor-version":[{"id":6836,"href":"https:\/\/www.r2cpress.com.br\/v1\/wp-json\/wp\/v2\/posts\/6834\/revisions\/6836"}],"wp:attachment":[{"href":"https:\/\/www.r2cpress.com.br\/v1\/wp-json\/wp\/v2\/media?parent=6834"}],"wp:term":[{"taxonomy":"category","embeddable":true,"href":"https:\/\/www.r2cpress.com.br\/v1\/wp-json\/wp\/v2\/categories?post=6834"},{"taxonomy":"post_tag","embeddable":true,"href":"https:\/\/www.r2cpress.com.br\/v1\/wp-json\/wp\/v2\/tags?post=6834"}],"curies":[{"name":"wp","href":"https:\/\/api.w.org\/{rel}","templated":true}]}}