{"id":68415,"date":"2013-07-06T21:16:04","date_gmt":"2013-07-07T00:16:04","guid":{"rendered":"http:\/\/www.r2cpress.com.br\/v1\/?p=68415"},"modified":"2013-07-06T21:16:04","modified_gmt":"2013-07-07T00:16:04","slug":"recesso-avepiano-motiva-banda-podre","status":"publish","type":"post","link":"https:\/\/www.r2cpress.com.br\/v1\/2013\/07\/06\/recesso-avepiano-motiva-banda-podre\/","title":{"rendered":"RECESSO AVEPIANO MOTIVA BANDA PODRE"},"content":{"rendered":"<p><center><img src = \"https:\/\/lh6.googleusercontent.com\/-XwPy7lxPvqs\/UdiyT-b2LkI\/AAAAAAABG0c\/JEotqsj_duU\/s600\/avep%2520banda%2520podre%252002.jpg\"\/><\/center><\/p>\n<p><img loading=\"lazy\" class=\"alignleft\" alt=\"\" src=\"http:\/\/www.r2cpress.com.br\/v1\/wp-content\/uploads\/CART%C3%83O-HECKEL-AVEP-300x115.jpg\" width=\"300\" height=\"115\" \/>Aproveitando o recesso for\u00e7ado da AVEP(Associa\u00e7\u00e3o dos Veteranos de Esporte Praiano), duas equipes da\u00a0 <b><i>Banda Podre<\/i><\/b> desta entidade em evento idealizado\u00a0 pelo promoter <b><i>Zezinho da Baixa Fria<\/i><\/b>, jogaram dia 30 do m\u00eas passado. O encontro encontrou motiva\u00e7\u00e3o no cancelamento da rodada da Avep do dia 23 de junho, dia de S\u00e3o Jo\u00e3o somado \u00e0s comemora\u00e7\u00f5es de anivers\u00e1rio do ponta-esquerda Junior Jatob\u00e1.<\/p>\n<p>O evento seria realizado na praia pela manh\u00e3, mas como a mar\u00e9 estava alta, fora transferido para o campo defronte ao Ed. Santa Clara na Av. Soares Lopes. O placar foi de 3 a 1 para o time de <b><i>Carqueija<\/i><\/b> em cima do de <b><i>Zezinho<\/i><\/b>. Uma nota meio inusitada se deu com os part\u00edcipes que, apesar da presen\u00e7a, se recusaram a jogar alegando a m\u00e1 condi\u00e7\u00e3o do gramado, quer dizer, da grama e areia. O lateral-esquerdo Eduardo Japon\u00eas fora incisivo: \u201cNeste campo cheio de mondrongos eu n\u00e3o jogo\u201d. O beque Gallette embora tenha jogado, corroborou: \u201cN\u00e3o, Japon\u00eas, \u00e9 monte mesmo!\u201d. E tinham raz\u00f5es os veteranos avepianos, pois cinco atletas sa\u00edram da partida com tor\u00e7\u00f5es motivadas pelo campo, inclusive com um engessamento de p\u00e9. Vixe! O campinho \u00e9 realmente feio, e o pior: concorre para enfear a Avenida.<\/p>\n<p>O juiz da partida foi Zeca, \u00e1rbitro free-lance de Ilh\u00e9us, com boa atua\u00e7\u00e3o.<\/p>\n<p>&#8212;<\/p>\n<p>Heckel Janu\u00e1rio<\/p>\n","protected":false},"excerpt":{"rendered":"<p>Aproveitando o recesso for\u00e7ado da AVEP(Associa\u00e7\u00e3o dos Veteranos de Esporte Praiano), duas equipes da\u00a0 Banda Podre desta entidade em evento idealizado\u00a0 pelo promoter Zezinho da Baixa Fria, jogaram dia 30 do m\u00eas passado. O encontro encontrou motiva\u00e7\u00e3o no cancelamento da rodada da Avep do dia 23 de junho, dia de S\u00e3o Jo\u00e3o somado \u00e0s comemora\u00e7\u00f5es [&hellip;]<\/p>\n","protected":false},"author":2,"featured_media":0,"comment_status":"open","ping_status":"open","sticky":false,"template":"","format":"standard","meta":{"_links_to":"","_links_to_target":""},"categories":[11],"tags":[],"_links":{"self":[{"href":"https:\/\/www.r2cpress.com.br\/v1\/wp-json\/wp\/v2\/posts\/68415"}],"collection":[{"href":"https:\/\/www.r2cpress.com.br\/v1\/wp-json\/wp\/v2\/posts"}],"about":[{"href":"https:\/\/www.r2cpress.com.br\/v1\/wp-json\/wp\/v2\/types\/post"}],"author":[{"embeddable":true,"href":"https:\/\/www.r2cpress.com.br\/v1\/wp-json\/wp\/v2\/users\/2"}],"replies":[{"embeddable":true,"href":"https:\/\/www.r2cpress.com.br\/v1\/wp-json\/wp\/v2\/comments?post=68415"}],"version-history":[{"count":5,"href":"https:\/\/www.r2cpress.com.br\/v1\/wp-json\/wp\/v2\/posts\/68415\/revisions"}],"predecessor-version":[{"id":68420,"href":"https:\/\/www.r2cpress.com.br\/v1\/wp-json\/wp\/v2\/posts\/68415\/revisions\/68420"}],"wp:attachment":[{"href":"https:\/\/www.r2cpress.com.br\/v1\/wp-json\/wp\/v2\/media?parent=68415"}],"wp:term":[{"taxonomy":"category","embeddable":true,"href":"https:\/\/www.r2cpress.com.br\/v1\/wp-json\/wp\/v2\/categories?post=68415"},{"taxonomy":"post_tag","embeddable":true,"href":"https:\/\/www.r2cpress.com.br\/v1\/wp-json\/wp\/v2\/tags?post=68415"}],"curies":[{"name":"wp","href":"https:\/\/api.w.org\/{rel}","templated":true}]}}