{"id":68421,"date":"2013-07-06T21:18:15","date_gmt":"2013-07-07T00:18:15","guid":{"rendered":"http:\/\/www.r2cpress.com.br\/v1\/?p=68421"},"modified":"2013-07-06T21:18:15","modified_gmt":"2013-07-07T00:18:15","slug":"associacao-dos-pequenos-produtores-de-ilheus-una-e-buerarema","status":"publish","type":"post","link":"https:\/\/www.r2cpress.com.br\/v1\/2013\/07\/06\/associacao-dos-pequenos-produtores-de-ilheus-una-e-buerarema\/","title":{"rendered":"Associa\u00e7\u00e3o dos Pequenos Produtores de Ilh\u00e9us, Una e Buerarema."},"content":{"rendered":"<p align=\"center\"><b>A Associa\u00e7\u00e3o dos Pequenos Produtores de Ilh\u00e9us, Una e Buerarema vem a<\/b><b><br \/>\np\u00fablico informar:<\/b><b><br \/>\n1.<\/b> \u00a0 \u00a0 \u00a0Que no dia 03 de julho de 2013 o Movimento dos pequenos produtores,<br \/>\norganizado pacificamente, reuniu cerca de 500 associados para<br \/>\nmanifestar ao prefeito de Ilh\u00e9us e ao Governador da Bahia suas<br \/>\npreocupa\u00e7\u00f5es e reivindica\u00e7\u00f5es quanto \u00e0s a\u00e7\u00f5es de viol\u00eancia, com<br \/>\nconseq\u00fcentes desapossamentos repentinos de que tem sido v\u00edtima,<br \/>\npromovidos por grupos numerosos e fortemente armados, que se<br \/>\nidentificam como Tupinamb\u00e1s de Oliven\u00e7a.<br \/>\n<b>2.<\/b> \u00a0 \u00a0 \u00a0Que nossos representantes, incluindo assentados e o presidente do Sindicato Rural de<br \/>\nIlh\u00e9us, foram recebidos \u00e0s 15:30 horas, em audi\u00eancia, pelo Prefeito de<br \/>\nIlh\u00e9us, Jabes Ribeiro e por outros membros do governo municipal, dentre eles, o ex-vereador e Secret\u00e1rio de Turismo, Alcides Kruschewsky.<br \/>\n<b>3.<\/b> \u00a0 \u00a0 \u00a0A audi\u00eancia transcorreu em clima de respeito e cordialidade, tendo o<br \/>\nPrefeito ouvido atentamente os clamores do Movimento e, ao final,<br \/>\nfirmando o compromisso de continuar as conversa\u00e7\u00f5es<br \/>\ndurante a audi\u00eancia que seria, no mesmo dia, concedida aos Pequenos<br \/>\nProdutores pelo Governador da Bahia, Jacques Wagner, quando<br \/>\nesperava-se obter avan\u00e7os quanto a quest\u00f5es colocadas, como seguran\u00e7a<br \/>\nregional, entre outras.<br \/>\n<b>4.<\/b> \u00a0 \u00a0 \u00a0O epis\u00f3dio que envolveu, em seguida, o ex-vereador e Secret\u00e1rio do<br \/>\nTurismo, Alcides Kruschewsky, v\u00edtima de desacato e agress\u00f5es verbais \u00e0<br \/>\nsua moral e honra, n\u00e3o teve a participa\u00e7\u00e3o de nenhum membro do<br \/>\nMovimento dos Pequenos Produtores.<br \/>\n<b>5.<\/b> \u00a0 \u00a0 \u00a0A nossa Associa\u00e7\u00e3o se solidariza com Alcides Kruschewsky, que det\u00e9m<br \/>\no nosso respeito e admira\u00e7\u00e3o, como um efetivo integrante e militante da<br \/>\nnossa causa, que contesta a pretens\u00e3o da FUNAI em demarcar 47 mil e<br \/>\n300 hectares de terra nos munic\u00edpios de Ilh\u00e9us, Una e Buerarema.<br \/>\n<b>6.<\/b> \u00a0 \u00a0 \u00a0Em tempo, repudiamos a inser\u00e7\u00e3o de pessoas oportunistas e que n\u00e3o<br \/>\nfazem parte da Associa\u00e7\u00e3o, que valeram-se da nossa numerosa presen\u00e7a,<br \/>\npara dirigir palavras de baixo cal\u00e3o e gestos obscenos a<br \/>\nautoridades constitu\u00eddas, pr\u00e1tica abomin\u00e1vel e incompat\u00edvel com a conduta do<br \/>\nMovimento.<br \/>\n<b>7.<\/b> \u00a0 \u00a0 \u00a0A Associa\u00e7\u00e3o dos Pequenos Produtores agradece a toda imprensa local ,e, em especial, ao<br \/>\nPrefeito Jabes Ribeiro, a Deputada \u00c2ngela Sousa, ao Deputado Geraldo<br \/>\nSim\u00f5es e ao Governador Jacques Wagner, \u00a0pela audi\u00eancia concedida, onde,<br \/>\nap\u00f3s entendimentos com nossos representantes, assumiram publicamente o<br \/>\ncompromisso de adotar provid\u00eancias que garantam a tranq\u00fcilidade e<br \/>\nseguran\u00e7a dos que, honestamente, trabalham e produzem, e que vem sendo<br \/>\nv\u00edtimas de viol\u00eancia.<\/p>\n","protected":false},"excerpt":{"rendered":"<p>A Associa\u00e7\u00e3o dos Pequenos Produtores de Ilh\u00e9us, Una e Buerarema vem a p\u00fablico informar: 1. \u00a0 \u00a0 \u00a0Que no dia 03 de julho de 2013 o Movimento dos pequenos produtores, organizado pacificamente, reuniu cerca de 500 associados para manifestar ao prefeito de Ilh\u00e9us e ao Governador da Bahia suas preocupa\u00e7\u00f5es e reivindica\u00e7\u00f5es quanto \u00e0s a\u00e7\u00f5es [&hellip;]<\/p>\n","protected":false},"author":2,"featured_media":0,"comment_status":"open","ping_status":"open","sticky":false,"template":"","format":"standard","meta":{"_links_to":"","_links_to_target":""},"categories":[10],"tags":[],"_links":{"self":[{"href":"https:\/\/www.r2cpress.com.br\/v1\/wp-json\/wp\/v2\/posts\/68421"}],"collection":[{"href":"https:\/\/www.r2cpress.com.br\/v1\/wp-json\/wp\/v2\/posts"}],"about":[{"href":"https:\/\/www.r2cpress.com.br\/v1\/wp-json\/wp\/v2\/types\/post"}],"author":[{"embeddable":true,"href":"https:\/\/www.r2cpress.com.br\/v1\/wp-json\/wp\/v2\/users\/2"}],"replies":[{"embeddable":true,"href":"https:\/\/www.r2cpress.com.br\/v1\/wp-json\/wp\/v2\/comments?post=68421"}],"version-history":[{"count":3,"href":"https:\/\/www.r2cpress.com.br\/v1\/wp-json\/wp\/v2\/posts\/68421\/revisions"}],"predecessor-version":[{"id":68424,"href":"https:\/\/www.r2cpress.com.br\/v1\/wp-json\/wp\/v2\/posts\/68421\/revisions\/68424"}],"wp:attachment":[{"href":"https:\/\/www.r2cpress.com.br\/v1\/wp-json\/wp\/v2\/media?parent=68421"}],"wp:term":[{"taxonomy":"category","embeddable":true,"href":"https:\/\/www.r2cpress.com.br\/v1\/wp-json\/wp\/v2\/categories?post=68421"},{"taxonomy":"post_tag","embeddable":true,"href":"https:\/\/www.r2cpress.com.br\/v1\/wp-json\/wp\/v2\/tags?post=68421"}],"curies":[{"name":"wp","href":"https:\/\/api.w.org\/{rel}","templated":true}]}}