{"id":68576,"date":"2013-07-09T12:38:27","date_gmt":"2013-07-09T15:38:27","guid":{"rendered":"http:\/\/www.r2cpress.com.br\/v1\/?p=68576"},"modified":"2013-07-09T12:38:27","modified_gmt":"2013-07-09T15:38:27","slug":"acacia-grapiuna-empossa-dirigentes","status":"publish","type":"post","link":"https:\/\/www.r2cpress.com.br\/v1\/2013\/07\/09\/acacia-grapiuna-empossa-dirigentes\/","title":{"rendered":"Ac\u00e1cia Grapi\u00fana empossa dirigentes"},"content":{"rendered":"<p><div id=\"attachment_68577\" style=\"width: 560px\" class=\"wp-caption aligncenter\"><a href=\"http:\/\/www.r2cpress.com.br\/v1\/wp-content\/uploads\/Posse-na-Ac\u00e1cia-Grapi\u00fana-4-Messias-Pires-Maciel-Vlademir-S\u00e9rgio-Menezes-H\u00e9lder-Pereira-Dantas-Cris\u00f3stenes-Ferreira-de-Oliveira-e-Pedro-Jatob\u00e1.jpg\"><img aria-describedby=\"caption-attachment-68577\" loading=\"lazy\" src=\"http:\/\/www.r2cpress.com.br\/v1\/wp-content\/uploads\/Posse-na-Ac\u00e1cia-Grapi\u00fana-4-Messias-Pires-Maciel-Vlademir-S\u00e9rgio-Menezes-H\u00e9lder-Pereira-Dantas-Cris\u00f3stenes-Ferreira-de-Oliveira-e-Pedro-Jatob\u00e1.jpg\" alt=\"Posse na Ac\u00e1cia Grapi\u00fana (4) Messias Pires Maciel, Vlademir S\u00e9rgio Menezes, H\u00e9lder Pereira Dantas, Cris\u00f3stenes Ferreira de Oliveira e Pedro Jatob\u00e1\" width=\"550\" height=\"381\" class=\"size-full wp-image-68577\" srcset=\"https:\/\/www.r2cpress.com.br\/v1\/wp-content\/uploads\/Posse-na-Ac\u00e1cia-Grapi\u00fana-4-Messias-Pires-Maciel-Vlademir-S\u00e9rgio-Menezes-H\u00e9lder-Pereira-Dantas-Cris\u00f3stenes-Ferreira-de-Oliveira-e-Pedro-Jatob\u00e1.jpg 550w, https:\/\/www.r2cpress.com.br\/v1\/wp-content\/uploads\/Posse-na-Ac\u00e1cia-Grapi\u00fana-4-Messias-Pires-Maciel-Vlademir-S\u00e9rgio-Menezes-H\u00e9lder-Pereira-Dantas-Cris\u00f3stenes-Ferreira-de-Oliveira-e-Pedro-Jatob\u00e1-300x207.jpg 300w\" sizes=\"(max-width: 550px) 100vw, 550px\" \/><\/a><p id=\"caption-attachment-68577\" class=\"wp-caption-text\">Posse na Ac\u00e1cia Grapi\u00fana (4) Messias Pires Maciel, Vlademir S\u00e9rgio Menezes, H\u00e9lder Pereira Dantas, Cris\u00f3stenes Ferreira de Oliveira e Pedro Jatob\u00e1<\/p><\/div><br \/>\nA Loja Ma\u00e7\u00f4nica Ac\u00e1cia Grapi\u00fana (Itabuna) empossou na noite desta segunda-feira (8) H\u00e9lder Pereira Dantas no cargo de Vener\u00e1vel-mestre; Cris\u00f3stenes Ferreira de Oliveira, 1\u00ba Vigilante; e Valdemir S\u00e9rgio Menezes, 2\u00ba Vigilante. Eles foram eleito em 20 de maio deste ano com mandato para o bi\u00eanio 2013-2015.<br \/>\nA posse ocorreu durante sess\u00e3o solene no Templo da Loja Ma\u00e7\u00f4nica Are\u00f3pago Itabunense, com a presen\u00e7a de representantes de Lojas Ma\u00e7\u00f4nicas de diversas cidades do Sul da Bahia. Os empossados substituem Pedro Ara\u00fajo Jatob\u00e1, Jos\u00e9 Carlos Oliveira e H\u00e9lder Pereira Dantas, respectivamente.<br \/>\nNo pr\u00f3ximo s\u00e1bado (13), \u00e0s 19h30, no clube SEAC, os vener\u00e1veis das Lojas Ma\u00e7\u00f4nicas Ac\u00e1cia Grapi\u00fana (H\u00e9lder Pereira Dantas) e Are\u00f3pago Itabunense (Paulo Roberto Alves Dantas) realizam a posse social conjunta, com a participa\u00e7\u00e3o de ma\u00e7ons, autoridades e convidados.<br \/>\nA Loja Ma\u00e7\u00f4nica Ac\u00e1cia Grapi\u00fana, filiada a Grande Loja Ma\u00e7\u00f4nica do Estado da Bahia (GLEB), foi fundada em 1\u00ba de dezembro de 2009.<\/p>\n","protected":false},"excerpt":{"rendered":"<p>A Loja Ma\u00e7\u00f4nica Ac\u00e1cia Grapi\u00fana (Itabuna) empossou na noite desta segunda-feira (8) H\u00e9lder Pereira Dantas no cargo de Vener\u00e1vel-mestre; Cris\u00f3stenes Ferreira de Oliveira, 1\u00ba Vigilante; e Valdemir S\u00e9rgio Menezes, 2\u00ba Vigilante. Eles foram eleito em 20 de maio deste ano com mandato para o bi\u00eanio 2013-2015. A posse ocorreu durante sess\u00e3o solene no Templo da [&hellip;]<\/p>\n","protected":false},"author":2,"featured_media":0,"comment_status":"open","ping_status":"open","sticky":false,"template":"","format":"standard","meta":{"_links_to":"","_links_to_target":""},"categories":[34],"tags":[],"_links":{"self":[{"href":"https:\/\/www.r2cpress.com.br\/v1\/wp-json\/wp\/v2\/posts\/68576"}],"collection":[{"href":"https:\/\/www.r2cpress.com.br\/v1\/wp-json\/wp\/v2\/posts"}],"about":[{"href":"https:\/\/www.r2cpress.com.br\/v1\/wp-json\/wp\/v2\/types\/post"}],"author":[{"embeddable":true,"href":"https:\/\/www.r2cpress.com.br\/v1\/wp-json\/wp\/v2\/users\/2"}],"replies":[{"embeddable":true,"href":"https:\/\/www.r2cpress.com.br\/v1\/wp-json\/wp\/v2\/comments?post=68576"}],"version-history":[{"count":2,"href":"https:\/\/www.r2cpress.com.br\/v1\/wp-json\/wp\/v2\/posts\/68576\/revisions"}],"predecessor-version":[{"id":68579,"href":"https:\/\/www.r2cpress.com.br\/v1\/wp-json\/wp\/v2\/posts\/68576\/revisions\/68579"}],"wp:attachment":[{"href":"https:\/\/www.r2cpress.com.br\/v1\/wp-json\/wp\/v2\/media?parent=68576"}],"wp:term":[{"taxonomy":"category","embeddable":true,"href":"https:\/\/www.r2cpress.com.br\/v1\/wp-json\/wp\/v2\/categories?post=68576"},{"taxonomy":"post_tag","embeddable":true,"href":"https:\/\/www.r2cpress.com.br\/v1\/wp-json\/wp\/v2\/tags?post=68576"}],"curies":[{"name":"wp","href":"https:\/\/api.w.org\/{rel}","templated":true}]}}