{"id":68586,"date":"2013-07-09T13:24:19","date_gmt":"2013-07-09T16:24:19","guid":{"rendered":"http:\/\/www.r2cpress.com.br\/v1\/?p=68586"},"modified":"2013-07-09T13:24:19","modified_gmt":"2013-07-09T16:24:19","slug":"1789-entra-na-segunda-semana-de-apresentacoes","status":"publish","type":"post","link":"https:\/\/www.r2cpress.com.br\/v1\/2013\/07\/09\/1789-entra-na-segunda-semana-de-apresentacoes\/","title":{"rendered":"1789 entra na segunda  semana de apresenta\u00e7\u00f5es"},"content":{"rendered":"<div>A \u00f3pera afro-rock do Teatro Popular de Ilh\u00e9us (TPI) entra em sua segunda semana de apresenta\u00e7\u00f5es, na Tenda montada na Avenida Soares Lopes. O espet\u00e1culo <i>1789<\/i> ficar\u00e1 em cartaz at\u00e9 o dia 27 deste m\u00eas, com sess\u00f5es de quarta a s\u00e1bado, sempre \u00e0s 20 horas. As entradas para quem quiser conferir a hist\u00f3ria do levante dos escravos do Engenho de Santana custam R$ 20 e R$ 10. A classifica\u00e7\u00e3o indicativa \u00e9 12 anos.<\/div>\n<div>\n<div id=\"attachment_68587\" style=\"width: 510px\" class=\"wp-caption aligncenter\"><a href=\"http:\/\/www.r2cpress.com.br\/v1\/wp-content\/uploads\/Pr\u00e9-estreia-1789-01.07.13-foto-Karoline-Vital-4.jpg\"><img aria-describedby=\"caption-attachment-68587\" loading=\"lazy\" class=\"size-full wp-image-68587\" alt=\"Foto:  Karoline Vital\" src=\"http:\/\/www.r2cpress.com.br\/v1\/wp-content\/uploads\/Pr\u00e9-estreia-1789-01.07.13-foto-Karoline-Vital-4.jpg\" width=\"500\" height=\"375\" srcset=\"https:\/\/www.r2cpress.com.br\/v1\/wp-content\/uploads\/Pr\u00e9-estreia-1789-01.07.13-foto-Karoline-Vital-4.jpg 500w, https:\/\/www.r2cpress.com.br\/v1\/wp-content\/uploads\/Pr\u00e9-estreia-1789-01.07.13-foto-Karoline-Vital-4-300x225.jpg 300w\" sizes=\"(max-width: 500px) 100vw, 500px\" \/><\/a><p id=\"caption-attachment-68587\" class=\"wp-caption-text\">Foto: Karoline Vital<\/p><\/div>\n<\/div>\n<div>\n<p>\u00a0\u00a0\u00a0\u00a0\u00a0\u00a0\u00a0\u00a0\u00a0\u00a0\u00a0 A montagem <i>1789<\/i> n\u00e3o se limita a contar o fato hist\u00f3rico, ocorrido em Ilh\u00e9us, no final do s\u00e9culo XVIII. Unindo as linguagens do teatro, m\u00fasica, dan\u00e7a e audiovisual, o espet\u00e1culo fala sobre a necessidade de novas revolu\u00e7\u00f5es de ideias e posturas. Al\u00e9m do elenco do TPI, a pe\u00e7a traz membros do Terreiro Matamba Tombenci Neto, descendente dos cativos que protagonizaram a rebeli\u00e3o entre 1789 e 1791. \u201c\u00c9 um refor\u00e7o \u00e0s nossas ra\u00edzes hist\u00f3ricas\u201d, enfatiza o autor e diretor Romualdo Lisboa.<\/p>\n<p><!--more--><\/p>\n<p>Elenco e cen\u00e1rio est\u00e3o em permanente transforma\u00e7\u00e3o, ritmados pela vigorosa trilha sonora composta por Elielton Cabe\u00e7a, que combina rock e blues \u00e0 percuss\u00e3o africana. Ao todo, s\u00e3o 20 artistas em cena, que interpretam, cantam e dan\u00e7am. As coreografias foram elaboradas pelo diretor art\u00edstico do Bal\u00e9 Afro da Bahia, Zebrinha. A maquiagem \u00e9tnica, que remete \u00e0s tribos africanas foi concebida por Guto Pacheco.<\/p>\n<p>A pe\u00e7a\u00a0<i>1789<\/i>\u00a0come\u00e7a em uma f\u00e1brica de processamento de cacau em uma fict\u00edcia Ilh\u00e9us de 2089. Os trabalhadores lutam por melhores condi\u00e7\u00f5es de trabalho e desejam parar de exportar a mat\u00e9ria-prima e produzir o pr\u00f3prio chocolate. A partir disso, come\u00e7am os saltos no tempo e espa\u00e7o at\u00e9 o s\u00e9culo XVIII, entre Brasil e Portugal. \u00a0A s\u00e9rie de acontecimentos, misturando personagens reais e fict\u00edcios mostra o contexto que culminou na carta de reivindica\u00e7\u00f5es escrita pelos negros, durante a revolta no Engenho de Santana.<\/p>\n<p>As pesquisas hist\u00f3ricas para\u00a0<i>1789\u00a0<\/i>foram orientadas pelo historiador doutor Marcelo Henrique Dias, incluindo debates com especialistas no projeto\u00a0<i>Improviso, Oxente!<\/i>. \u00a0 O espet\u00e1culo foi um dos contemplados pelo edital setorial de teatro do Fundo de Cultura da Bahia.\u00a0A produ\u00e7\u00e3o \u00e9 de Pawlo Cidade, atrav\u00e9s da entidade sociocultural Associa\u00e7\u00e3o Comunidade Tia Marita.<\/p>\n<\/div>\n","protected":false},"excerpt":{"rendered":"<p>A \u00f3pera afro-rock do Teatro Popular de Ilh\u00e9us (TPI) entra em sua segunda semana de apresenta\u00e7\u00f5es, na Tenda montada na Avenida Soares Lopes. O espet\u00e1culo 1789 ficar\u00e1 em cartaz at\u00e9 o dia 27 deste m\u00eas, com sess\u00f5es de quarta a s\u00e1bado, sempre \u00e0s 20 horas. As entradas para quem quiser conferir a hist\u00f3ria do levante [&hellip;]<\/p>\n","protected":false},"author":2,"featured_media":0,"comment_status":"open","ping_status":"open","sticky":false,"template":"","format":"standard","meta":{"_links_to":"","_links_to_target":""},"categories":[5],"tags":[],"_links":{"self":[{"href":"https:\/\/www.r2cpress.com.br\/v1\/wp-json\/wp\/v2\/posts\/68586"}],"collection":[{"href":"https:\/\/www.r2cpress.com.br\/v1\/wp-json\/wp\/v2\/posts"}],"about":[{"href":"https:\/\/www.r2cpress.com.br\/v1\/wp-json\/wp\/v2\/types\/post"}],"author":[{"embeddable":true,"href":"https:\/\/www.r2cpress.com.br\/v1\/wp-json\/wp\/v2\/users\/2"}],"replies":[{"embeddable":true,"href":"https:\/\/www.r2cpress.com.br\/v1\/wp-json\/wp\/v2\/comments?post=68586"}],"version-history":[{"count":2,"href":"https:\/\/www.r2cpress.com.br\/v1\/wp-json\/wp\/v2\/posts\/68586\/revisions"}],"predecessor-version":[{"id":68589,"href":"https:\/\/www.r2cpress.com.br\/v1\/wp-json\/wp\/v2\/posts\/68586\/revisions\/68589"}],"wp:attachment":[{"href":"https:\/\/www.r2cpress.com.br\/v1\/wp-json\/wp\/v2\/media?parent=68586"}],"wp:term":[{"taxonomy":"category","embeddable":true,"href":"https:\/\/www.r2cpress.com.br\/v1\/wp-json\/wp\/v2\/categories?post=68586"},{"taxonomy":"post_tag","embeddable":true,"href":"https:\/\/www.r2cpress.com.br\/v1\/wp-json\/wp\/v2\/tags?post=68586"}],"curies":[{"name":"wp","href":"https:\/\/api.w.org\/{rel}","templated":true}]}}