{"id":68611,"date":"2013-07-09T23:15:29","date_gmt":"2013-07-10T02:15:29","guid":{"rendered":"http:\/\/www.r2cpress.com.br\/v1\/?p=68611"},"modified":"2013-07-09T23:15:29","modified_gmt":"2013-07-10T02:15:29","slug":"nao-nao-e-a-sua-rocinha-e-a-entrada-dos-bairros-urbis-e-santo-antonio-de-padua","status":"publish","type":"post","link":"https:\/\/www.r2cpress.com.br\/v1\/2013\/07\/09\/nao-nao-e-a-sua-rocinha-e-a-entrada-dos-bairros-urbis-e-santo-antonio-de-padua\/","title":{"rendered":"N\u00c3O, N\u00c3O \u00c9 A SUA ROCINHA &#8211; \u00e9 a entrada dos Bairros URBIS e SANTO ANTONIO DE P\u00c1DUA"},"content":{"rendered":"<p>A Urbis teve a &#8230; (cortado\/Rabat) &#8230; de eleger 03 vereados locais, que s\u00e3o &#8230; (cortado\/Rabat) &#8230; por\u00e9m o abandono e a falta de vontade pol\u00edtica continuam. Fotografei hoje (09\/07\/2013) a quadra do eixo principal entre os caminhos 07 e 08 (campo do sete) e a entrada dos bairros Hernane S\u00e1 e Santo Antonio de P\u00e1dua, que semanas atr\u00e1s o vereador ou sua equipe veio por meio do blog comunicar que haviam passado a m\u00e1quina (tratamento de ro\u00e7a), mas vejam como j\u00e1 est\u00e1 a situa\u00e7\u00e3o. N\u00e3o, n\u00e3o \u00e9 na zona rural, mesmo que fosse n\u00e3o merecia ser assim, mas estamos na zona sul de Ilh\u00e9us na porta de entrada dos bairros para quem vem da Barreira. \u00c9 impressionante a falta de capacidade ou vontade que atinge a politica ilheense, n\u00e3o pode ser assim, n\u00e3o tem por que ser assim&#8230;VAMOS COBRAR<\/p>\n<p> <center> <a href=\"http:\/\/www.r2cpress.com.br\/v1\/wp-content\/uploads\/CAPA-R2CPESS.jpg\"><img loading=\"lazy\" src=\"http:\/\/www.r2cpress.com.br\/v1\/wp-content\/uploads\/CAPA-R2CPESS.jpg\" alt=\"CAPA R2CPESS\" width=\"550\" height=\"550\" class=\"aligncenter size-full wp-image-68612\" srcset=\"https:\/\/www.r2cpress.com.br\/v1\/wp-content\/uploads\/CAPA-R2CPESS.jpg 550w, https:\/\/www.r2cpress.com.br\/v1\/wp-content\/uploads\/CAPA-R2CPESS-150x150.jpg 150w, https:\/\/www.r2cpress.com.br\/v1\/wp-content\/uploads\/CAPA-R2CPESS-300x300.jpg 300w\" sizes=\"(max-width: 550px) 100vw, 550px\" \/><\/a>   <\/center><\/p>\n<p>E por favor, voc\u00ea que v\u00ea essas coisas no seu bairro, n\u00e3o se acomode, n\u00e3o fique achando que n\u00e3o adianta nada, mostre, fotografe, hoje todo mundo tem um celular com c\u00e2mera, poste no facebook, sites, em blogs, fa\u00e7a a sua parte&#8230;<\/p>\n<p>Grato desde j\u00e1<\/p>\n<p>Atenciosamente, <\/p>\n","protected":false},"excerpt":{"rendered":"<p>A Urbis teve a &#8230; (cortado\/Rabat) &#8230; de eleger 03 vereados locais, que s\u00e3o &#8230; (cortado\/Rabat) &#8230; por\u00e9m o abandono e a falta de vontade pol\u00edtica continuam. Fotografei hoje (09\/07\/2013) a quadra do eixo principal entre os caminhos 07 e 08 (campo do sete) e a entrada dos bairros Hernane S\u00e1 e Santo Antonio de [&hellip;]<\/p>\n","protected":false},"author":2,"featured_media":0,"comment_status":"open","ping_status":"open","sticky":false,"template":"","format":"standard","meta":{"_links_to":"","_links_to_target":""},"categories":[10],"tags":[],"_links":{"self":[{"href":"https:\/\/www.r2cpress.com.br\/v1\/wp-json\/wp\/v2\/posts\/68611"}],"collection":[{"href":"https:\/\/www.r2cpress.com.br\/v1\/wp-json\/wp\/v2\/posts"}],"about":[{"href":"https:\/\/www.r2cpress.com.br\/v1\/wp-json\/wp\/v2\/types\/post"}],"author":[{"embeddable":true,"href":"https:\/\/www.r2cpress.com.br\/v1\/wp-json\/wp\/v2\/users\/2"}],"replies":[{"embeddable":true,"href":"https:\/\/www.r2cpress.com.br\/v1\/wp-json\/wp\/v2\/comments?post=68611"}],"version-history":[{"count":2,"href":"https:\/\/www.r2cpress.com.br\/v1\/wp-json\/wp\/v2\/posts\/68611\/revisions"}],"predecessor-version":[{"id":68614,"href":"https:\/\/www.r2cpress.com.br\/v1\/wp-json\/wp\/v2\/posts\/68611\/revisions\/68614"}],"wp:attachment":[{"href":"https:\/\/www.r2cpress.com.br\/v1\/wp-json\/wp\/v2\/media?parent=68611"}],"wp:term":[{"taxonomy":"category","embeddable":true,"href":"https:\/\/www.r2cpress.com.br\/v1\/wp-json\/wp\/v2\/categories?post=68611"},{"taxonomy":"post_tag","embeddable":true,"href":"https:\/\/www.r2cpress.com.br\/v1\/wp-json\/wp\/v2\/tags?post=68611"}],"curies":[{"name":"wp","href":"https:\/\/api.w.org\/{rel}","templated":true}]}}