{"id":68615,"date":"2013-07-09T23:31:23","date_gmt":"2013-07-10T02:31:23","guid":{"rendered":"http:\/\/www.r2cpress.com.br\/v1\/?p=68615"},"modified":"2013-07-09T23:31:23","modified_gmt":"2013-07-10T02:31:23","slug":"a-prefeitura-intensificou-a-fiscalizacao-sobre-a-obra-da-coelba-que-desde-o-ano-passado-pretende-aumentar-a-capacidade-e-a-seguranca-da-rede-de-alta-tensao-em-ilheus","status":"publish","type":"post","link":"https:\/\/www.r2cpress.com.br\/v1\/2013\/07\/09\/a-prefeitura-intensificou-a-fiscalizacao-sobre-a-obra-da-coelba-que-desde-o-ano-passado-pretende-aumentar-a-capacidade-e-a-seguranca-da-rede-de-alta-tensao-em-ilheus\/","title":{"rendered":"A prefeitura intensificou a fiscaliza\u00e7\u00e3o sobre a obra da Coelba que desde o ano passado pretende aumentar a capacidade e a seguran\u00e7a da rede de alta tens\u00e3o em Ilh\u00e9us."},"content":{"rendered":"<p>Obra da Coelba encontra rocha na Avenida Itabuna e altera o tr\u00e2nsito<br \/>\nO tr\u00e1fego na Avenida Itabuna, uma das mais movimentadas de Ilh\u00e9us, est\u00e1 sendo monitorado em virtude da perman\u00eancia de obras executadas pela Companhia de Eletricidade do Estado da Bahia (Coelba) que encontrou uma rocha no percurso, na altura do n\u00famero 893, o que causou altera\u00e7\u00e3o na programa\u00e7\u00e3o dos trabalhos. A obra est\u00e1 sendo acompanhada permanentemente pelo Servi\u00e7o de Fiscaliza\u00e7\u00e3o da Secretaria Municipal de Servi\u00e7os Urbanos (Sedur).<br \/>\n<div id=\"attachment_68616\" style=\"width: 560px\" class=\"wp-caption aligncenter\"><a href=\"http:\/\/www.r2cpress.com.br\/v1\/wp-content\/uploads\/CAPA-R2CPRESS169.jpg\"><img aria-describedby=\"caption-attachment-68616\" loading=\"lazy\" src=\"http:\/\/www.r2cpress.com.br\/v1\/wp-content\/uploads\/CAPA-R2CPRESS169.jpg\" alt=\"Obra da Coelba na Avenida Itabuna - Foto Gidelzo Silva (Secom Ilh\u00e9us).\" width=\"550\" height=\"372\" class=\"size-full wp-image-68616\" srcset=\"https:\/\/www.r2cpress.com.br\/v1\/wp-content\/uploads\/CAPA-R2CPRESS169.jpg 550w, https:\/\/www.r2cpress.com.br\/v1\/wp-content\/uploads\/CAPA-R2CPRESS169-300x202.jpg 300w\" sizes=\"(max-width: 550px) 100vw, 550px\" \/><\/a><p id=\"caption-attachment-68616\" class=\"wp-caption-text\">Obra da Coelba na Avenida Itabuna &#8211; Foto Gidelzo Silva (Secom Ilh\u00e9us).<\/p><\/div><br \/>\nA rocha foi encontrada na semana passada, quando a empresa respons\u00e1vel pela obra, a MacroFast Construtora, solicitou a remessa de uma m\u00e1quina especial para possibilitar o desvio da rede, o que n\u00e3o foi totalmente poss\u00edvel, de acordo com informa\u00e7\u00f5es do engenheiro Marcelo Rocha. Como o local est\u00e1 em \u00e1rea residencial, onde n\u00e3o \u00e9 permitido o uso de explosivos, a solu\u00e7\u00e3o encontrada foi buscar a colabora\u00e7\u00e3o da Empresa e \u00c1gua e Saneamento da Bahia (Embasa) no sentido de desviar o duto da empresa utilizado para o abastecimento d\u2019\u00e1gua.<\/p>\n<p><!--more--><\/p>\n<p>Segundo o engenheiro, o servi\u00e7o da Embasa deve ser realizado nesta quarta-feira, dia 10, e logo ap\u00f3s a Coelba concluir\u00e1 a coloca\u00e7\u00e3o dos tubos. A previs\u00e3o para libera\u00e7\u00e3o do fluxo normal de tr\u00e2nsito \u00e9 a pr\u00f3xima segunda-feira, 15. At\u00e9 l\u00e1, o monitoramento do tr\u00e2nsito est\u00e1 sendo feito por prepostos da pr\u00f3pria empresa, com o uso de r\u00e1dio, sob a supervis\u00e3o da Superintend\u00eancia de Tr\u00e2nsito (Setrans). Marcelo Rocha disse ainda que todos os esfor\u00e7os foram feitos para reduzir os problemas ocorridos.<\/p>\n<p>Rede de Energia &#8211; A Coelba est\u00e1 realizando investimentos em Ilh\u00e9us com o objetivo de aumentar a capacidade e a seguran\u00e7a da rede de alta tens\u00e3o na cidade. A obra foi iniciada em outubro do ano passado. A partir de janeiro, foram feitos os trechos entre o Centro Social Urbano (CSU) e o Parque Infantil. Depois, o servi\u00e7o foi realizado na Avenida Itabuna at\u00e9 a esta\u00e7\u00e3o da Coelba, no Bairro da Conquista. <\/p>\n<p>O chefe do Servi\u00e7o de Fiscaliza\u00e7\u00e3o de Obras da Prefeitura, engenheiro Antonio Magnavita, ressaltou que a Coelba est\u00e1 obrigada a realiza\u00e7\u00e3o a recupera\u00e7\u00e3o asf\u00e1ltica de todos os trechos danificados durante a obra.<\/p>\n<p>&#8212;<br \/>\nSecretaria de Comunica\u00e7\u00e3o Social (Secom)<br \/>\nIlh\u00e9us \u2013 09.07.2013<\/p>\n","protected":false},"excerpt":{"rendered":"<p>Obra da Coelba encontra rocha na Avenida Itabuna e altera o tr\u00e2nsito O tr\u00e1fego na Avenida Itabuna, uma das mais movimentadas de Ilh\u00e9us, est\u00e1 sendo monitorado em virtude da perman\u00eancia de obras executadas pela Companhia de Eletricidade do Estado da Bahia (Coelba) que encontrou uma rocha no percurso, na altura do n\u00famero 893, o que [&hellip;]<\/p>\n","protected":false},"author":2,"featured_media":0,"comment_status":"open","ping_status":"open","sticky":false,"template":"","format":"standard","meta":{"_links_to":"","_links_to_target":""},"categories":[23],"tags":[],"_links":{"self":[{"href":"https:\/\/www.r2cpress.com.br\/v1\/wp-json\/wp\/v2\/posts\/68615"}],"collection":[{"href":"https:\/\/www.r2cpress.com.br\/v1\/wp-json\/wp\/v2\/posts"}],"about":[{"href":"https:\/\/www.r2cpress.com.br\/v1\/wp-json\/wp\/v2\/types\/post"}],"author":[{"embeddable":true,"href":"https:\/\/www.r2cpress.com.br\/v1\/wp-json\/wp\/v2\/users\/2"}],"replies":[{"embeddable":true,"href":"https:\/\/www.r2cpress.com.br\/v1\/wp-json\/wp\/v2\/comments?post=68615"}],"version-history":[{"count":2,"href":"https:\/\/www.r2cpress.com.br\/v1\/wp-json\/wp\/v2\/posts\/68615\/revisions"}],"predecessor-version":[{"id":68618,"href":"https:\/\/www.r2cpress.com.br\/v1\/wp-json\/wp\/v2\/posts\/68615\/revisions\/68618"}],"wp:attachment":[{"href":"https:\/\/www.r2cpress.com.br\/v1\/wp-json\/wp\/v2\/media?parent=68615"}],"wp:term":[{"taxonomy":"category","embeddable":true,"href":"https:\/\/www.r2cpress.com.br\/v1\/wp-json\/wp\/v2\/categories?post=68615"},{"taxonomy":"post_tag","embeddable":true,"href":"https:\/\/www.r2cpress.com.br\/v1\/wp-json\/wp\/v2\/tags?post=68615"}],"curies":[{"name":"wp","href":"https:\/\/api.w.org\/{rel}","templated":true}]}}