{"id":68619,"date":"2013-07-10T16:09:50","date_gmt":"2013-07-10T19:09:50","guid":{"rendered":"http:\/\/www.r2cpress.com.br\/v1\/?p=68619"},"modified":"2013-07-10T16:09:50","modified_gmt":"2013-07-10T19:09:50","slug":"adiado-o-sorteio-da-cdl-de-ilheus","status":"publish","type":"post","link":"https:\/\/www.r2cpress.com.br\/v1\/2013\/07\/10\/adiado-o-sorteio-da-cdl-de-ilheus\/","title":{"rendered":"ADIADO O SORTEIO DA CDL DE ILH\u00c9US"},"content":{"rendered":"<p>O \u00faltimo, dos quatro sorteios da Campanha Tr\u00edplice 2013 da C\u00e2mara de Dirigentes Lojistas de Ilh\u00e9us, que seria realizado amanh\u00e3 (11.07), \u00e0s 16h, na pra\u00e7a Cair\u00fa, foi adiado para a quinta-feira da pr\u00f3xima semana (18.07), no mesmo hor\u00e1rio.<\/p>\n<p>De acordo com Paulo Ganem, presidente da Cdl de Ilh\u00e9us, o motivo da altera\u00e7\u00e3o da data s\u00e3o as manifesta\u00e7\u00f5es e paralisa\u00e7\u00f5es previstas para amanh\u00e3 em todo o pa\u00eds &#8220;Ilh\u00e9us certamente acompanhar\u00e1 o movimento nacional e n\u00e3o teremos como realizar nosso evento com tranquilidade e com a participa\u00e7\u00e3o popular, dos comerciantes e comerci\u00e1rios, como sempre tem sido. Respeitamos as manifesta\u00e7\u00f5es populares e pensamos que o melhor \u00e9 adiar, para que no dia 18 de julho, possamos animar o com\u00e9rcio e premiar os consumidores sorteados, enfim, fazendo a nossa festa&#8221;, explicou Paulo lembrando que os consumidores que comprarem nas lojas que aderiram \u00e0 Campanha v\u00e3o ter mais uma semana para depositar os cupons nas urnas ou no stand e concorrer a uma moto zero km da Shineray, que ser\u00e1 o maior pr\u00eamio do \u00faltimo sorteio. &#8220;Contaremos com a presen\u00e7a de todos, para fecharmos nossa Campanha Tr\u00edplice com chave de ouro. Aproveite mais essa semana e deposite seu cupom&#8221;, finalizou Ganem.<\/p>\n","protected":false},"excerpt":{"rendered":"<p>O \u00faltimo, dos quatro sorteios da Campanha Tr\u00edplice 2013 da C\u00e2mara de Dirigentes Lojistas de Ilh\u00e9us, que seria realizado amanh\u00e3 (11.07), \u00e0s 16h, na pra\u00e7a Cair\u00fa, foi adiado para a quinta-feira da pr\u00f3xima semana (18.07), no mesmo hor\u00e1rio. De acordo com Paulo Ganem, presidente da Cdl de Ilh\u00e9us, o motivo da altera\u00e7\u00e3o da data s\u00e3o [&hellip;]<\/p>\n","protected":false},"author":2,"featured_media":0,"comment_status":"open","ping_status":"open","sticky":false,"template":"","format":"standard","meta":{"_links_to":"","_links_to_target":""},"categories":[19],"tags":[],"_links":{"self":[{"href":"https:\/\/www.r2cpress.com.br\/v1\/wp-json\/wp\/v2\/posts\/68619"}],"collection":[{"href":"https:\/\/www.r2cpress.com.br\/v1\/wp-json\/wp\/v2\/posts"}],"about":[{"href":"https:\/\/www.r2cpress.com.br\/v1\/wp-json\/wp\/v2\/types\/post"}],"author":[{"embeddable":true,"href":"https:\/\/www.r2cpress.com.br\/v1\/wp-json\/wp\/v2\/users\/2"}],"replies":[{"embeddable":true,"href":"https:\/\/www.r2cpress.com.br\/v1\/wp-json\/wp\/v2\/comments?post=68619"}],"version-history":[{"count":2,"href":"https:\/\/www.r2cpress.com.br\/v1\/wp-json\/wp\/v2\/posts\/68619\/revisions"}],"predecessor-version":[{"id":68621,"href":"https:\/\/www.r2cpress.com.br\/v1\/wp-json\/wp\/v2\/posts\/68619\/revisions\/68621"}],"wp:attachment":[{"href":"https:\/\/www.r2cpress.com.br\/v1\/wp-json\/wp\/v2\/media?parent=68619"}],"wp:term":[{"taxonomy":"category","embeddable":true,"href":"https:\/\/www.r2cpress.com.br\/v1\/wp-json\/wp\/v2\/categories?post=68619"},{"taxonomy":"post_tag","embeddable":true,"href":"https:\/\/www.r2cpress.com.br\/v1\/wp-json\/wp\/v2\/tags?post=68619"}],"curies":[{"name":"wp","href":"https:\/\/api.w.org\/{rel}","templated":true}]}}