{"id":68724,"date":"2013-07-12T10:32:15","date_gmt":"2013-07-12T13:32:15","guid":{"rendered":"http:\/\/www.r2cpress.com.br\/v1\/?p=68724"},"modified":"2013-07-12T10:32:15","modified_gmt":"2013-07-12T13:32:15","slug":"sindicato-dos-radialistas-de-ilheus-em-campanha-salarial-com-a-gabriela-fm","status":"publish","type":"post","link":"https:\/\/www.r2cpress.com.br\/v1\/2013\/07\/12\/sindicato-dos-radialistas-de-ilheus-em-campanha-salarial-com-a-gabriela-fm\/","title":{"rendered":"Sindicato dos Radialistas de Ilh\u00e9us em Campanha Salarial com a Gabriela FM"},"content":{"rendered":"<p>O Sindicato dos Radialistas de Ilh\u00e9us &#8211; STERT-I, depois de realizada Assembleia extraordin\u00e1ria em junho \u00faltimo apresentou proposta de reivindica\u00e7\u00f5es a Gabriela FM, visando campanha salarial 2012\/2013, que tem data-base no m\u00eas de julho.<br \/>\nSegundo o presidente da entidade, Elias Reis, a pauta de reivindica\u00e7\u00f5es foi discutida detalhadamente, em especial ao \u00edndice do INPC acumulado nos \u00faltimos doze meses+aumento real; implanta\u00e7\u00e3o de ticket alimenta\u00e7\u00e3o; conv\u00eanios m\u00e9dico e odontol\u00f3gico, estabilidade sindical; mudan\u00e7a de data-base e outras conquistas, a exemplo de adicional de periculosidade para profissionais que operam no parque de transmiss\u00e3o. \u201cPor ser um exemplo de empresa organizada e bem estruturada, esperamos mais uma vez bom senso e sensibilidade no fechamento deste Acordo Coletivo de Trabalho\u201d, pontua o sindicalista.<br \/>\nPara o assessor jur\u00eddico da entidade, Dr. Alberto Barreto, o sindicato dos Radialistas de Ilh\u00e9us, consciente do seu papel, sempre visa o entendimento e a discuss\u00e3o com o patronato, sem perder o foco dos direitos consagrados. \u201cNossa meta \u00e9 o di\u00e1logo, por\u00e9m, sempre fundamentado na Consolida\u00e7\u00e3o das Leis do Trabalho e leis pertinentes\u201d.<br \/>\nA primeira rodada de negocia\u00e7\u00e3o acontece na pr\u00f3xima 3\u00aa feira, 16 de julho, nas depend\u00eancias da empresa e, contar\u00e1 com a presen\u00e7a tamb\u00e9m de l\u00edderes da For\u00e7a Sindical.<\/p>\n<p>&#8212;<br \/>\nCl\u00e9a Sam, jornalista.<\/p>\n","protected":false},"excerpt":{"rendered":"<p>O Sindicato dos Radialistas de Ilh\u00e9us &#8211; STERT-I, depois de realizada Assembleia extraordin\u00e1ria em junho \u00faltimo apresentou proposta de reivindica\u00e7\u00f5es a Gabriela FM, visando campanha salarial 2012\/2013, que tem data-base no m\u00eas de julho. Segundo o presidente da entidade, Elias Reis, a pauta de reivindica\u00e7\u00f5es foi discutida detalhadamente, em especial ao \u00edndice do INPC acumulado [&hellip;]<\/p>\n","protected":false},"author":2,"featured_media":0,"comment_status":"open","ping_status":"open","sticky":false,"template":"","format":"standard","meta":{"_links_to":"","_links_to_target":""},"categories":[28],"tags":[],"_links":{"self":[{"href":"https:\/\/www.r2cpress.com.br\/v1\/wp-json\/wp\/v2\/posts\/68724"}],"collection":[{"href":"https:\/\/www.r2cpress.com.br\/v1\/wp-json\/wp\/v2\/posts"}],"about":[{"href":"https:\/\/www.r2cpress.com.br\/v1\/wp-json\/wp\/v2\/types\/post"}],"author":[{"embeddable":true,"href":"https:\/\/www.r2cpress.com.br\/v1\/wp-json\/wp\/v2\/users\/2"}],"replies":[{"embeddable":true,"href":"https:\/\/www.r2cpress.com.br\/v1\/wp-json\/wp\/v2\/comments?post=68724"}],"version-history":[{"count":2,"href":"https:\/\/www.r2cpress.com.br\/v1\/wp-json\/wp\/v2\/posts\/68724\/revisions"}],"predecessor-version":[{"id":68726,"href":"https:\/\/www.r2cpress.com.br\/v1\/wp-json\/wp\/v2\/posts\/68724\/revisions\/68726"}],"wp:attachment":[{"href":"https:\/\/www.r2cpress.com.br\/v1\/wp-json\/wp\/v2\/media?parent=68724"}],"wp:term":[{"taxonomy":"category","embeddable":true,"href":"https:\/\/www.r2cpress.com.br\/v1\/wp-json\/wp\/v2\/categories?post=68724"},{"taxonomy":"post_tag","embeddable":true,"href":"https:\/\/www.r2cpress.com.br\/v1\/wp-json\/wp\/v2\/tags?post=68724"}],"curies":[{"name":"wp","href":"https:\/\/api.w.org\/{rel}","templated":true}]}}