{"id":68727,"date":"2013-07-12T10:39:37","date_gmt":"2013-07-12T13:39:37","guid":{"rendered":"http:\/\/www.r2cpress.com.br\/v1\/?p=68727"},"modified":"2013-07-12T10:39:37","modified_gmt":"2013-07-12T13:39:37","slug":"deputada-discute-ampliacao-do-luz-para-todos-em-una-e-canavieiras","status":"publish","type":"post","link":"https:\/\/www.r2cpress.com.br\/v1\/2013\/07\/12\/deputada-discute-ampliacao-do-luz-para-todos-em-una-e-canavieiras\/","title":{"rendered":"Deputada discute amplia\u00e7\u00e3o do Luz  para Todos em Una e Canavieiras"},"content":{"rendered":"<p>A deputada estadual \u00c2ngela Sousa (PSD) participou nesta quinta-feira (11) de audi\u00eancias p\u00fablicas em Canavieiras e Una para discutir sobre a implanta\u00e7\u00e3o e amplia\u00e7\u00e3o do Programa Luz para Todos para que possa beneficiar milhares de moradores desses munic\u00edpios. O pedido para a realiza\u00e7\u00e3o das audi\u00eancias p\u00fablicas foi feito pela deputada \u00c2ngela Sousa ao secret\u00e1rio de Infraestrutura e vice-governador Otto Alencar (PSD), atrav\u00e9s do of\u00edcio 109\/2013, com o objetivo de esclarecer d\u00favidas das comunidades desses munic\u00edpios e apresentar os projetos de amplia\u00e7\u00e3o do Luz para Todos, um programa que se destina ao atendimento da popula\u00e7\u00e3o residente no meio rural.<br \/>\n<div id=\"attachment_68728\" style=\"width: 560px\" class=\"wp-caption aligncenter\"><a href=\"http:\/\/www.r2cpress.com.br\/v1\/wp-content\/uploads\/Luz-para-Todos-Una-Foto-Cristiano-Cruz.jpg\"><img aria-describedby=\"caption-attachment-68728\" loading=\"lazy\" src=\"http:\/\/www.r2cpress.com.br\/v1\/wp-content\/uploads\/Luz-para-Todos-Una-Foto-Cristiano-Cruz.jpg\" alt=\"FOTO \u2013 CRISTIANO CRUZ\" width=\"550\" height=\"367\" class=\"size-full wp-image-68728\" srcset=\"https:\/\/www.r2cpress.com.br\/v1\/wp-content\/uploads\/Luz-para-Todos-Una-Foto-Cristiano-Cruz.jpg 550w, https:\/\/www.r2cpress.com.br\/v1\/wp-content\/uploads\/Luz-para-Todos-Una-Foto-Cristiano-Cruz-300x200.jpg 300w\" sizes=\"(max-width: 550px) 100vw, 550px\" \/><\/a><p id=\"caption-attachment-68728\" class=\"wp-caption-text\">FOTO \u2013 CRISTIANO CRUZ<\/p><\/div><br \/>\nDurante as audi\u00eancias p\u00fablicas, que contaram com as presen\u00e7as dos prefeitos Almir Melo, de Canavieiras, e Diane Rusciolleli, de Una, al\u00e9m de vereadores e secret\u00e1rios municipais, o diretor de energia do Luz para Todos, Gilson Mendes, falou sobre como est\u00e1 o programa nesses dois munic\u00edpios, as etapas de cada projeto, o n\u00famero de comunidades beneficiadas e as metas para os pr\u00f3ximos anos. O representante do Luz para Todos tamb\u00e9m falou sobre pend\u00eancias que tem dificultado a conclus\u00e3o de alguns projetos, mas adiantou que medidas est\u00e3o sendo adotadas para que mais fam\u00edlias sejam beneficiadas com a eletrifica\u00e7\u00e3o rural. Gilson Mendes esclareceu d\u00favidas das comunidades, anotou sugest\u00f5es e solicita\u00e7\u00f5es dos moradores de Una e Canavieiras.<\/p>\n<p><!--more--><\/p>\n<p>Para a deputada estadual \u00c2ngela Sousa, as audi\u00eancias p\u00fablicas foram de grande import\u00e2ncia, pois garantiu \u00e0s comunidades o direito de saber sobre o andamento de cada um dos projetos e a previs\u00e3o de quando esses moradores da zona rural ser\u00e3o beneficiados com o Programa Luz para Todos. De acordo com a parlamentar, nada mais justo e democr\u00e1tico que as comunidades a serem beneficiadas discutam sobre o Luz para Todos, j\u00e1 que o programa destina recursos a projetos que visam ao atendimento de futuros consumidores situados em \u00e1reas rurais e privilegiar\u00e1 o car\u00e1ter social do investimento. \u201cA eletrifica\u00e7\u00e3o rural \u00e9 um direito dos moradores e \u00e9 preciso que o poder p\u00fablico abra esse canal de discuss\u00e3o e transpar\u00eancia com essas comunidades, da\u00ed a necessidade de audi\u00eancias p\u00fablicas\u201d, disse ela. \u00c2ngela Sousa tamb\u00e9m destacou a sensibilidade do secret\u00e1rio Otto Alencar em promover essas discuss\u00f5es, realizando as audi\u00eancias logo ap\u00f3s a solicita\u00e7\u00e3o.<\/p>\n<p>Somente em Canavieiras j\u00e1 foram conclu\u00eddas obras do Programa Luz para Todos em diversas localidades, a exemplo de Puxim da Praia, Associa\u00e7\u00e3o F\u00e9 em Deus, Regi\u00e3o do Cip\u00f3, Fazenda Oiticica, Rio da Salsa e v\u00e1rias outras comunidades. O programa prev\u00ea ainda investimentos em eletrifica\u00e7\u00e3o em v\u00e1rios outras localidades, como o bairro Jardim Burundunga, Regi\u00e3o de Pimenteira, Campo do Arroz, Ribeira Grande e v\u00e1rias outras regi\u00f5es. No munic\u00edpio de Una j\u00e1 foram contemplados com o programa as localidades da Fazenda Bom Sossego, rodovia Una\/Santa Luzia, Associa\u00e7\u00e3o Estrela do Sul, Regi\u00e3o das Varas, Assentamento Guanabara, Rodovia Una-Canavieiras e v\u00e1rios outros locais. Em andamento est\u00e3o as obras de eletrifica\u00e7\u00e3o nas regi\u00f5es de Fazenda Nova Esperan\u00e7a e Pindorama, que beneficiar\u00e3o 119 novos consumidores.<\/p>\n","protected":false},"excerpt":{"rendered":"<p>A deputada estadual \u00c2ngela Sousa (PSD) participou nesta quinta-feira (11) de audi\u00eancias p\u00fablicas em Canavieiras e Una para discutir sobre a implanta\u00e7\u00e3o e amplia\u00e7\u00e3o do Programa Luz para Todos para que possa beneficiar milhares de moradores desses munic\u00edpios. O pedido para a realiza\u00e7\u00e3o das audi\u00eancias p\u00fablicas foi feito pela deputada \u00c2ngela Sousa ao secret\u00e1rio de [&hellip;]<\/p>\n","protected":false},"author":2,"featured_media":0,"comment_status":"open","ping_status":"open","sticky":false,"template":"","format":"standard","meta":{"_links_to":"","_links_to_target":""},"categories":[22],"tags":[],"_links":{"self":[{"href":"https:\/\/www.r2cpress.com.br\/v1\/wp-json\/wp\/v2\/posts\/68727"}],"collection":[{"href":"https:\/\/www.r2cpress.com.br\/v1\/wp-json\/wp\/v2\/posts"}],"about":[{"href":"https:\/\/www.r2cpress.com.br\/v1\/wp-json\/wp\/v2\/types\/post"}],"author":[{"embeddable":true,"href":"https:\/\/www.r2cpress.com.br\/v1\/wp-json\/wp\/v2\/users\/2"}],"replies":[{"embeddable":true,"href":"https:\/\/www.r2cpress.com.br\/v1\/wp-json\/wp\/v2\/comments?post=68727"}],"version-history":[{"count":2,"href":"https:\/\/www.r2cpress.com.br\/v1\/wp-json\/wp\/v2\/posts\/68727\/revisions"}],"predecessor-version":[{"id":68730,"href":"https:\/\/www.r2cpress.com.br\/v1\/wp-json\/wp\/v2\/posts\/68727\/revisions\/68730"}],"wp:attachment":[{"href":"https:\/\/www.r2cpress.com.br\/v1\/wp-json\/wp\/v2\/media?parent=68727"}],"wp:term":[{"taxonomy":"category","embeddable":true,"href":"https:\/\/www.r2cpress.com.br\/v1\/wp-json\/wp\/v2\/categories?post=68727"},{"taxonomy":"post_tag","embeddable":true,"href":"https:\/\/www.r2cpress.com.br\/v1\/wp-json\/wp\/v2\/tags?post=68727"}],"curies":[{"name":"wp","href":"https:\/\/api.w.org\/{rel}","templated":true}]}}