{"id":68731,"date":"2013-07-12T10:41:44","date_gmt":"2013-07-12T13:41:44","guid":{"rendered":"http:\/\/www.r2cpress.com.br\/v1\/?p=68731"},"modified":"2013-07-12T10:41:44","modified_gmt":"2013-07-12T13:41:44","slug":"salvador-vereador-faz-apelo-contra-leilao-do-teatro-jorge-amado","status":"publish","type":"post","link":"https:\/\/www.r2cpress.com.br\/v1\/2013\/07\/12\/salvador-vereador-faz-apelo-contra-leilao-do-teatro-jorge-amado\/","title":{"rendered":"SALVADOR \/ Vereador faz apelo contra leil\u00e3o do Teatro Jorge Amado"},"content":{"rendered":"<p>Uma p\u00e9ssima not\u00edcia circula hoje (12) nos bastidores do mundo das artes em Salvador. Trata-se da informa\u00e7\u00e3o do leil\u00e3o que ir\u00e1 acontecer no final deste ano com o Teatro Jorge Amado. O espa\u00e7o que homenageia o escritor o baiano foi inaugurado em 1997 e possui em seu curr\u00edculo cerca de 3.700 apresenta\u00e7\u00f5es para um p\u00fablico de mais de um milh\u00e3o de pessoas. O vereador Tiago Correia, atual presidente da Comiss\u00e3o de Turismo e Desenvolvimento Econ\u00f4mico da C\u00e2mara Municipal, fez um apelo \u00e0 Secretaria de Cultura do estado e ao Desenbahia.<\/p>\n<p>\u201cO teatro Jorge Amado \u00e9 um importante espa\u00e7o cultural da nossa cidade. N\u00e3o podemos perder esse teatro. O governo do estado tem que encontrar uma solu\u00e7\u00e3o para este problema. Tivemos h\u00e1 pouco tempo o fechamento do Teatro Maria Beth\u00e2nia no Rio Vermelho.\u201d, lamentou o parlamentar.<\/p>\n<p>Tiago Correia lembrou que, em 2011, a Ag\u00eancia de Fomento do Estado da Bahia (Desenbahia) assinou com o Tribunal de Justi\u00e7a da Bahia um Termo de Cess\u00e3o de Uso, com op\u00e7\u00e3o de compra, referente ao im\u00f3vel do antigo Curso de Ingl\u00eas Universal English Course (UEC), situado na Pituba, onde funciona o Teatro Jorge Amado. O curso contratou, em 1995, opera\u00e7\u00e3o de financiamento com o antigo Desenbanco para constru\u00e7\u00e3o de sua sede pr\u00f3pria na Pituba.<\/p>\n<p>Com a extin\u00e7\u00e3o do \u00f3rg\u00e3o, as opera\u00e7\u00f5es de financiamento passaram \u00e0 responsabilidade Desenbahia. A garantia para o financiamento foi \u00e0 pr\u00f3pria sede do UEC. Em 2002, o curso tornou-se inadimplente, obrigando a Desenbahia a ajuizar a\u00e7\u00e3o de execu\u00e7\u00e3o objetivando a recupera\u00e7\u00e3o do cr\u00e9dito.<\/p>\n","protected":false},"excerpt":{"rendered":"<p>Uma p\u00e9ssima not\u00edcia circula hoje (12) nos bastidores do mundo das artes em Salvador. Trata-se da informa\u00e7\u00e3o do leil\u00e3o que ir\u00e1 acontecer no final deste ano com o Teatro Jorge Amado. O espa\u00e7o que homenageia o escritor o baiano foi inaugurado em 1997 e possui em seu curr\u00edculo cerca de 3.700 apresenta\u00e7\u00f5es para um p\u00fablico [&hellip;]<\/p>\n","protected":false},"author":2,"featured_media":0,"comment_status":"open","ping_status":"open","sticky":false,"template":"","format":"standard","meta":{"_links_to":"","_links_to_target":""},"categories":[5],"tags":[],"_links":{"self":[{"href":"https:\/\/www.r2cpress.com.br\/v1\/wp-json\/wp\/v2\/posts\/68731"}],"collection":[{"href":"https:\/\/www.r2cpress.com.br\/v1\/wp-json\/wp\/v2\/posts"}],"about":[{"href":"https:\/\/www.r2cpress.com.br\/v1\/wp-json\/wp\/v2\/types\/post"}],"author":[{"embeddable":true,"href":"https:\/\/www.r2cpress.com.br\/v1\/wp-json\/wp\/v2\/users\/2"}],"replies":[{"embeddable":true,"href":"https:\/\/www.r2cpress.com.br\/v1\/wp-json\/wp\/v2\/comments?post=68731"}],"version-history":[{"count":2,"href":"https:\/\/www.r2cpress.com.br\/v1\/wp-json\/wp\/v2\/posts\/68731\/revisions"}],"predecessor-version":[{"id":68733,"href":"https:\/\/www.r2cpress.com.br\/v1\/wp-json\/wp\/v2\/posts\/68731\/revisions\/68733"}],"wp:attachment":[{"href":"https:\/\/www.r2cpress.com.br\/v1\/wp-json\/wp\/v2\/media?parent=68731"}],"wp:term":[{"taxonomy":"category","embeddable":true,"href":"https:\/\/www.r2cpress.com.br\/v1\/wp-json\/wp\/v2\/categories?post=68731"},{"taxonomy":"post_tag","embeddable":true,"href":"https:\/\/www.r2cpress.com.br\/v1\/wp-json\/wp\/v2\/tags?post=68731"}],"curies":[{"name":"wp","href":"https:\/\/api.w.org\/{rel}","templated":true}]}}