{"id":68734,"date":"2013-07-12T11:12:12","date_gmt":"2013-07-12T14:12:12","guid":{"rendered":"http:\/\/www.r2cpress.com.br\/v1\/?p=68734"},"modified":"2013-07-12T11:12:12","modified_gmt":"2013-07-12T14:12:12","slug":"conselho-de-medicina-diz-que-medicos-se-sentem-traidos-por-padilha-apos-veto","status":"publish","type":"post","link":"https:\/\/www.r2cpress.com.br\/v1\/2013\/07\/12\/conselho-de-medicina-diz-que-medicos-se-sentem-traidos-por-padilha-apos-veto\/","title":{"rendered":"Conselho de Medicina diz que m\u00e9dicos se sentem tra\u00eddos por Padilha ap\u00f3s veto"},"content":{"rendered":"<p><strong>Nos onze anos de tramita\u00e7\u00e3o, o projeto do \u201cAto M\u00e9dico\u201d foi fortemente defendido pelo conselho e rejeitado pelas demais profiss\u00f5es da sa\u00fade<\/strong><\/p>\n<p>O presidente do CFM (Conselho Federal de Medicina), Roberto D&#8217;\u00c1vila, afirmou hoje que a presidente Dilma Rousseff foi \u201cmuito mal assessorada\u201d ao vetar trechos da lei do \u201cAto M\u00e9dico\u201d, \u201crevelando incompet\u00eancia do seu assessor para a sa\u00fade\u201d. Perguntado sobre a quem exatamente se referia, D&#8217;\u00c1vila apontou para o ministro Alexandre Padilha (Sa\u00fade). \u201cS\u00f3 existe um assessor na \u00e1rea da sa\u00fade pr\u00f3ximo a ela, infelizmente \u00e9 um m\u00e9dico\u201d.<\/p>\n<p>O presidente do conselho questionou a inten\u00e7\u00e3o pol\u00edtica do ministro tanto pelo veto parcial quanto pelo programa \u201cMais M\u00e9dicos\u201d, lan\u00e7ado na \u00faltima segunda-feira e que prop\u00f5e a abertura do pa\u00eds ao m\u00e9dico estrangeiro. \u201cPenso que \u00e9 motivado por interesses outros, talvez eleitorais\u201d, disse hoje em coletiva.<\/p>\n<p>Nos onze anos de tramita\u00e7\u00e3o, o projeto do \u201cAto M\u00e9dico\u201d foi fortemente defendido pelo conselho e rejeitado pelas demais profiss\u00f5es da sa\u00fade. D&#8217;\u00c1vila afirmou que os m\u00e9dicos se sentem tra\u00eddos pelos conselhos das demais profiss\u00f5es da sa\u00fade, que teriam fechado um acordo em torno do texto aprovado pelo Congresso, e pelo pr\u00f3prio ministro Padilha.<\/p>\n<p>Frente a isso, o presidente do CFM diz que vai propor ao plen\u00e1rio do conselho que a entidade abandone todas as comiss\u00f5es e c\u00e2maras t\u00e9cnicas que integra na esfera do governo federal. \u201cH\u00e1 uma grave crise (&#8230;) N\u00e3o h\u00e1 mais confian\u00e7a.\u201d D&#8217;\u00c1vila disse que os m\u00e9dicos tentar\u00e3o mobilizar o Congresso, para que derrube os vetos \u201cautorit\u00e1rios\u201d que criaram uma lei \u201cmutilada\u201d e vazia, na sua avalia\u00e7\u00e3o. \u201c[A lei] \u00e9 um monstro que fala em coisas, tira coisas do m\u00e9dico, n\u00e3o diz o que \u00e9 privativo. N\u00e3o sei dizer o que significa, n\u00e3o significa nada\u201d, disse.<\/p>\n<p>Para o CFM, os vetos parciais n\u00e3o v\u00e3o dar autoriza\u00e7\u00e3o para que as demais profiss\u00f5es da sa\u00fade passem a realizar procedimentos que n\u00e3o faziam at\u00e9 ent\u00e3o. \u201cAs outras profiss\u00f5es continuam com as restri\u00e7\u00f5es de suas leis.\u201d <\/p>\n<p>&#8212;<br \/>\nFolhapress<br \/>\nNo CORREIO DA BAHIA<br \/>\nhttp:\/\/www.correio24horas.com.br\/noticias\/detalhes\/detalhes-1\/artigo\/conselho-de-medicina-diz-que-medicos-se-sentem-traidos-por-padilha-apos-veto\/<\/p>\n","protected":false},"excerpt":{"rendered":"<p>Nos onze anos de tramita\u00e7\u00e3o, o projeto do \u201cAto M\u00e9dico\u201d foi fortemente defendido pelo conselho e rejeitado pelas demais profiss\u00f5es da sa\u00fade O presidente do CFM (Conselho Federal de Medicina), Roberto D&#8217;\u00c1vila, afirmou hoje que a presidente Dilma Rousseff foi \u201cmuito mal assessorada\u201d ao vetar trechos da lei do \u201cAto M\u00e9dico\u201d, \u201crevelando incompet\u00eancia do seu [&hellip;]<\/p>\n","protected":false},"author":2,"featured_media":0,"comment_status":"open","ping_status":"open","sticky":false,"template":"","format":"standard","meta":{"_links_to":"","_links_to_target":""},"categories":[18],"tags":[],"_links":{"self":[{"href":"https:\/\/www.r2cpress.com.br\/v1\/wp-json\/wp\/v2\/posts\/68734"}],"collection":[{"href":"https:\/\/www.r2cpress.com.br\/v1\/wp-json\/wp\/v2\/posts"}],"about":[{"href":"https:\/\/www.r2cpress.com.br\/v1\/wp-json\/wp\/v2\/types\/post"}],"author":[{"embeddable":true,"href":"https:\/\/www.r2cpress.com.br\/v1\/wp-json\/wp\/v2\/users\/2"}],"replies":[{"embeddable":true,"href":"https:\/\/www.r2cpress.com.br\/v1\/wp-json\/wp\/v2\/comments?post=68734"}],"version-history":[{"count":2,"href":"https:\/\/www.r2cpress.com.br\/v1\/wp-json\/wp\/v2\/posts\/68734\/revisions"}],"predecessor-version":[{"id":68736,"href":"https:\/\/www.r2cpress.com.br\/v1\/wp-json\/wp\/v2\/posts\/68734\/revisions\/68736"}],"wp:attachment":[{"href":"https:\/\/www.r2cpress.com.br\/v1\/wp-json\/wp\/v2\/media?parent=68734"}],"wp:term":[{"taxonomy":"category","embeddable":true,"href":"https:\/\/www.r2cpress.com.br\/v1\/wp-json\/wp\/v2\/categories?post=68734"},{"taxonomy":"post_tag","embeddable":true,"href":"https:\/\/www.r2cpress.com.br\/v1\/wp-json\/wp\/v2\/tags?post=68734"}],"curies":[{"name":"wp","href":"https:\/\/api.w.org\/{rel}","templated":true}]}}