{"id":68737,"date":"2013-07-12T11:20:08","date_gmt":"2013-07-12T14:20:08","guid":{"rendered":"http:\/\/www.r2cpress.com.br\/v1\/?p=68737"},"modified":"2013-07-12T11:20:08","modified_gmt":"2013-07-12T14:20:08","slug":"em-carta-aberta-teatro-jorge-amado-esclarece-polemica-sobre-leilao-leia","status":"publish","type":"post","link":"https:\/\/www.r2cpress.com.br\/v1\/2013\/07\/12\/em-carta-aberta-teatro-jorge-amado-esclarece-polemica-sobre-leilao-leia\/","title":{"rendered":"Em carta aberta, Teatro Jorge Amado esclarece pol\u00eamica sobre leil\u00e3o; leia"},"content":{"rendered":"<div>\n<h1>Gestora pede para que autoridades sejam &#8220;sens\u00edveis&#8221; \u00e0 luta para manter o local em funcionamento; decis\u00e3o foi divulgada nesta quarta (10)<\/h1>\n<p><ins><\/ins><ins id=\"aswift_0_anchor\"><\/ins><\/div>\n<table>\n<thead>\n<tr>\n<th scope=\"col\"><img loading=\"lazy\" title=\"Divulga\u00e7\u00e3o\" alt=\"\" src=\"http:\/\/w3.ibsttc.net\/uploads\/RTEmagicC_Teatro_Jorge_Amado_2_01_txdam140402_d7c6ba.jpg.jpg\" width=\"560\" height=\"360\" \/><\/th>\n<\/tr>\n<\/thead>\n<tbody>\n<tr>\n<td>O Jorge Amado foi inaugurado em 1997 e at\u00e9 2009 realizou mais de 3.700 apresenta\u00e7\u00f5es para um p\u00fablico de mais de um milh\u00e3o de pessoas.<\/td>\n<\/tr>\n<\/tbody>\n<\/table>\n<p>A assessoria de imprensa do Teatro Jorge Amado divulgou na tarde desta quinta (11), um comunicado esclarecendo as informa\u00e7\u00f5es sobre o leil\u00e3o do local, marcado para dezembro deste ano (<b><a title=\"Opens external link in new window\" href=\"http:\/\/www.ibahia.com\/detalhe\/noticia\/teatro-jorge-amado-vai-ser-leiloado-em-dezembro\/?cHash=1c571d328c5858a8671524950b09506f\" target=\"_blank\">saiba mais aqui<\/a><\/b>). No texto, Fernanda Tourinho, gestora do empreendimento, pede para que os &#8220;nossos governantes sejam sens\u00edveis em aliar-se \u00e0 esta luta&#8221; de manter o teatro em funcionamento.<\/p>\n<p><b>Leia o texto na \u00edntegra:<br \/>\n<\/b><br \/>\n<i>&#8220;NOTA SOBRE O FECHAMENTO DO TEATRO JORGE AMADO EM 2014<\/i><\/p>\n<p><i><!--more--><\/p>\n<p>Nesta segunda feira, 8 de julho, tomei conhecimento atrav\u00e9s de um funcion\u00e1rio da Desenbahia que o Tribunal de Justi\u00e7a da Bahia havia comunicado ao Banco seu n\u00e3o interesse em renovar o contrato de comodato assinado em 2011, e a desist\u00eancia da inten\u00e7\u00e3o de compra do im\u00f3vel. Esta decis\u00e3o obriga a Desenbahia a levar a leil\u00e3o o pr\u00e9dio onde outrora funcionava o Curso de Ingl\u00eas UEC e onde hoje est\u00e3o as Turmas Recursais do TJ-Ba e o Teatro Jorge Amado.<\/p>\n<p>A Desenbahia n\u00e3o pode manter-se propriet\u00e1ria de um im\u00f3vel do qual n\u00e3o faz uso para suas atividades, e por determina\u00e7\u00e3o do Banco Central precisa vend\u00ea-lo ainda este ano.<\/p>\n<p>Como muitos devem estar lembrados, em junho de 2010 o im\u00f3vel da Av Manoel Dias da Silva n\u00ba 2177 &#8211; Pituba foi tomado de garantia por recupera\u00e7\u00e3o de cr\u00e9dito e o Teatro Jorge Amado, que h\u00e1 13 anos funcionava naquele local, constru\u00eddo que fora pelo UEC com recursos da Desenbahia, esteve amea\u00e7ado de fechamento. Na ocasi\u00e3o um movimento que envolveu imprensa, artistas, produtores e p\u00fablico, foi bastante forte para sensibilizar a Secretaria de Cultura do Estado, o governador Jaques Wagner e a dire\u00e7\u00e3o da Desenbahia, de modo que foi assegurado ao Teatro Jorge Amado a funcionalidade necess\u00e1ria para cumprir suas pautas comprometidas at\u00e9 dezembro daquele ano.<\/p>\n<p>Em janeiro de 2011 a Desenbahia deu o im\u00f3vel em comodato ao Tribunal de Justi\u00e7a da Bahia, e em acordo que imagino tenha sido costurado pelos acima envolvidos, permitiram que o Teatro tamb\u00e9m se mantivesse funcionando, sob minha gest\u00e3o, at\u00e9 que a compra fosse efetivada e um processo licitat\u00f3rio definisse o futuro da administra\u00e7\u00e3o do espa\u00e7o cultural.<\/p>\n<p>Durante esses 2 anos e meio o TJA contou com o apoio do Tribunal de Justi\u00e7a da Bahia para que a conviv\u00eancia entre os dois estabelecimentos fosse respeitosa e de muita parceria, pois os espa\u00e7os de conviv\u00eancia s\u00e3o muitos e as especificidades das atividades muito diversas.<\/p>\n<p>O Teatro Jorge Amado n\u00e3o \u00e9 um espa\u00e7o cultural p\u00fablico, e n\u00e3o conta com o patroc\u00ednio nem governamental nem empresarial. Embora conte com in\u00fameros apoios que sempre foram important\u00edssimos para sua sobreviv\u00eancia.<\/p>\n<p>O resultado comercial de suas pautas foi capaz de mant\u00ea-lo em atividade nestes 2 anos e meio, n\u00e3o obstante incapaz de proporcionar melhorias mais significativas, como a substitui\u00e7\u00e3o de poltronas, carpetes e equipamentos.<\/p>\n<p>Mas, mais do que resultados comerciais favor\u00e1veis \u00e0 sobreviv\u00eancia sem patroc\u00ednios, o que mais parece significativo \u00e9 a dimens\u00e3o que tomou aquele equipamento cultural ap\u00f3s a turbul\u00eancia pela qual passou em 2010 e cujos n\u00fameros apresento agora:<\/p>\n<p>Em 2011 o teatro Jorge Amado foi palco de 371 apresenta\u00e7\u00f5es e contou com um p\u00fablico de aproximadamente 117.000 pessoas.<\/p>\n<p>Em <a id=\"_GPLITA_0\" title=\"Click to Continue &gt; by Text-Enhance\" href=\"http:\/\/www.ibahia.com\/#\">2012<\/a> foram 464 apresenta\u00e7\u00f5es, sendo 397 art\u00edsticas e abertas ao p\u00fablico e 67 eventos fechados para escolas e empresas, formaturas, etc. O p\u00fablico que frequentou o teatro foi da ordem de 125.650 pessoas.<\/p>\n<p>Em 2013 &#8211; de janeiro a junho, portanto 180 dias, o TJA j\u00e1 realizou 190 apresenta\u00e7\u00f5es, tendo sido 168 de espet\u00e1culos art\u00edsticos e 22 eventos fechados. Um p\u00fablico de 52.119 pessoas.<\/p>\n<p>Toda esta pujan\u00e7a de atividade cultural rendeu-lhe a admira\u00e7\u00e3o da comiss\u00e3o de an\u00e1lise do projeto &#8220;Salvador, um Exemplo Econ\u00f4mico Atrav\u00e9s da Cultura&#8221;, que o Sebrae e a Janela do Mundo est\u00e3o a discutir ainda em parceria com a UFBA e a Prefeitura Municipal de Salvador. L\u00e1 estiveram em abril deste ano um grupo de consultores com ampla experi\u00eancia no setor de desenvolvimento econ\u00f4mico atrav\u00e9s da Cultura, do Turismo e das Pequenas e M\u00e9dias empresas, integrantes da Escola de Neg\u00f3cios IESE, da Universidade de Navarra, na Espanha. Disseram-se impressionados, at\u00e9 mesmo na compara\u00e7\u00e3o com os resultados europeus nesta \u00e1rea, onde nenhum teatro resiste sem a subven\u00e7\u00e3o quase total do governo ou do setor empresarial.<\/p>\n<p>Engana-se quem pensa que o Teatro Jorge Amado atuou apenas como locat\u00e1rio de pautas. Arrega\u00e7ou as mangas para ser tamb\u00e9m produtor e fomentador de espet\u00e1culos. Apoiou com a concess\u00e3o gratuita de pautas ou o chamado contrato de risco a in\u00fameros projetos art\u00edsticos.<\/p>\n<p>Engana-se tamb\u00e9m quem pensa que n\u00e3o foi um espa\u00e7o cultural dos artistas da Bahia. Em 2012 foram 248 apresenta\u00e7\u00f5es de espet\u00e1culos locais (de todas as linguagens art\u00edsticas) contra 132 de espet\u00e1culos vindos de outras pra\u00e7as.<\/p>\n<p>\u00c0s v\u00e9speras de completar 16 anos de sua inaugura\u00e7\u00e3o, pelas m\u00e3os do pr\u00f3prio patrono e de seus mais diletos amigos, todos j\u00e1 no descanso eterno, Caryb\u00e9 e Calasans Neto &#8211; o Teatro Jorge Amado orgulha-se de ter sido palco de 5.500 apresenta\u00e7\u00f5es e ter sido frequentado por um p\u00fablico de aproximadamente 1.500.000 pessoas. Um espa\u00e7o cultural de 418 lugares!<\/p>\n<p>&#8220;Que nesta Casa se fa\u00e7a Cultura!&#8221;, vaticina a placa de bronze descerrada pelas m\u00e3os de nosso escritor maior a 9 de agosto de 1997.<\/p>\n<p>O Teatro Jorge Amado n\u00e3o foi o &#8220;teatro do UEC&#8221;, embora esta pudesse ser tamb\u00e9m uma justa homenagem \u00e0 inten\u00e7\u00e3o primeira do empres\u00e1rio N\u00f4 Brito, que o idealizou. Foi e continua sendo um espa\u00e7o cultural da Cidade de Salvador da Bahia, e espero sinceramente, a despeito da minha perman\u00eancia em sua gest\u00e3o, que este pertencimento lhe d\u00ea justi\u00e7a de sua continuidade. E que os nossos governantes sejam sens\u00edveis em aliar-se \u00e0 esta luta!<\/p>\n<p>Fernanda Tourinho<br \/>\nGestora do Teatro jorge Amado&#8221;<\/i><\/p>\n<p>&#8212;<\/p>\n<p>IBAHIA<\/p>\n<p>http:\/\/www.ibahia.com\/detalhe\/noticia\/em-nota-teatro-jorge-amado-esclarece-polemica-sobre-leilao-leia\/?cHash=a20403fc3024bd8d5c68df8a72520411<\/p>\n","protected":false},"excerpt":{"rendered":"<p>Gestora pede para que autoridades sejam &#8220;sens\u00edveis&#8221; \u00e0 luta para manter o local em funcionamento; decis\u00e3o foi divulgada nesta quarta (10) O Jorge Amado foi inaugurado em 1997 e at\u00e9 2009 realizou mais de 3.700 apresenta\u00e7\u00f5es para um p\u00fablico de mais de um milh\u00e3o de pessoas. A assessoria de imprensa do Teatro Jorge Amado divulgou [&hellip;]<\/p>\n","protected":false},"author":2,"featured_media":0,"comment_status":"open","ping_status":"open","sticky":false,"template":"","format":"standard","meta":{"_links_to":"","_links_to_target":""},"categories":[5],"tags":[],"_links":{"self":[{"href":"https:\/\/www.r2cpress.com.br\/v1\/wp-json\/wp\/v2\/posts\/68737"}],"collection":[{"href":"https:\/\/www.r2cpress.com.br\/v1\/wp-json\/wp\/v2\/posts"}],"about":[{"href":"https:\/\/www.r2cpress.com.br\/v1\/wp-json\/wp\/v2\/types\/post"}],"author":[{"embeddable":true,"href":"https:\/\/www.r2cpress.com.br\/v1\/wp-json\/wp\/v2\/users\/2"}],"replies":[{"embeddable":true,"href":"https:\/\/www.r2cpress.com.br\/v1\/wp-json\/wp\/v2\/comments?post=68737"}],"version-history":[{"count":3,"href":"https:\/\/www.r2cpress.com.br\/v1\/wp-json\/wp\/v2\/posts\/68737\/revisions"}],"predecessor-version":[{"id":68740,"href":"https:\/\/www.r2cpress.com.br\/v1\/wp-json\/wp\/v2\/posts\/68737\/revisions\/68740"}],"wp:attachment":[{"href":"https:\/\/www.r2cpress.com.br\/v1\/wp-json\/wp\/v2\/media?parent=68737"}],"wp:term":[{"taxonomy":"category","embeddable":true,"href":"https:\/\/www.r2cpress.com.br\/v1\/wp-json\/wp\/v2\/categories?post=68737"},{"taxonomy":"post_tag","embeddable":true,"href":"https:\/\/www.r2cpress.com.br\/v1\/wp-json\/wp\/v2\/tags?post=68737"}],"curies":[{"name":"wp","href":"https:\/\/api.w.org\/{rel}","templated":true}]}}