{"id":6879,"date":"2011-01-18T15:43:15","date_gmt":"2011-01-18T18:43:15","guid":{"rendered":"http:\/\/www.r2cpress.com.br\/v1\/?p=6879"},"modified":"2011-01-18T15:43:15","modified_gmt":"2011-01-18T18:43:15","slug":"defensoria-publica-da-bahia-realiza-audiencia-na-camara-de-ilheus","status":"publish","type":"post","link":"https:\/\/www.r2cpress.com.br\/v1\/2011\/01\/18\/defensoria-publica-da-bahia-realiza-audiencia-na-camara-de-ilheus\/","title":{"rendered":"Defensoria P\u00fablica da Bahia realiza Audi\u00eancia na C\u00e2mara de Ilh\u00e9us"},"content":{"rendered":"<p><center><a href=\"http:\/\/www.r2cpress.com.br\/v1\/wp-content\/uploads\/Convite-Audi\u00eancia-19012011.jpg\"><img loading=\"lazy\" src=\"http:\/\/www.r2cpress.com.br\/v1\/wp-content\/uploads\/Convite-Audi\u00eancia-19012011-300x238.jpg\" alt=\"\" title=\"Convite Audi\u00eancia 19012011\" width=\"300\" height=\"238\" class=\"alignnone size-medium wp-image-6880\" srcset=\"https:\/\/www.r2cpress.com.br\/v1\/wp-content\/uploads\/Convite-Audi\u00eancia-19012011-300x238.jpg 300w, https:\/\/www.r2cpress.com.br\/v1\/wp-content\/uploads\/Convite-Audi\u00eancia-19012011.jpg 680w\" sizes=\"(max-width: 300px) 100vw, 300px\" \/><\/a><\/center><\/p>\n<p>A Defensoria P\u00fablica da Bahia realizar\u00e1 amanh\u00e3, 19, uma audi\u00eancia p\u00fablica para apresentar e discutir o processo de escolha do pr\u00f3ximo (a) Ouvidor (a) Geral da Defensoria P\u00fablica da Bahia. O encontro acontecer\u00e1 na C\u00e2mara Municipal de Ilh\u00e9us, a partir das 14h. <\/p>\n<p>A Ouvidoria Cidad\u00e3 foi uma conquista da popula\u00e7\u00e3o baiana no \u00e2mbito da Defensoria P\u00fablica, espa\u00e7o esse que privilegia a democracia participativa do cidad\u00e3o. A Ouvidoria \u00e9 um \u00f3rg\u00e3o auxiliar que assegura o direito da popula\u00e7\u00e3o usu\u00e1ria dos servi\u00e7os desta institui\u00e7\u00e3o intervir, criticar, fiscalizar, elogiar, reclamar, apontar suas demandas, suas prioridades, auxiliando, politicamente, no crescimento da Defensoria que deseja. <\/p>\n<p>A presen\u00e7a da sociedade civil da regi\u00e3o \u00e9 important\u00edssima para que o processo de amplia\u00e7\u00e3o dos direitos no estado seja amplamente discutido. Foram convidados representantes de diversos bairros, associa\u00e7\u00e3o de moradores e algumas lideran\u00e7as que ajudar\u00e3o na constru\u00e7\u00e3o de um processo democr\u00e1tico e plural. <\/p>\n","protected":false},"excerpt":{"rendered":"<p>A Defensoria P\u00fablica da Bahia realizar\u00e1 amanh\u00e3, 19, uma audi\u00eancia p\u00fablica para apresentar e discutir o processo de escolha do pr\u00f3ximo (a) Ouvidor (a) Geral da Defensoria P\u00fablica da Bahia. O encontro acontecer\u00e1 na C\u00e2mara Municipal de Ilh\u00e9us, a partir das 14h. A Ouvidoria Cidad\u00e3 foi uma conquista da popula\u00e7\u00e3o baiana no \u00e2mbito da Defensoria [&hellip;]<\/p>\n","protected":false},"author":2,"featured_media":0,"comment_status":"open","ping_status":"open","sticky":false,"template":"","format":"standard","meta":{"_links_to":"","_links_to_target":""},"categories":[22],"tags":[],"_links":{"self":[{"href":"https:\/\/www.r2cpress.com.br\/v1\/wp-json\/wp\/v2\/posts\/6879"}],"collection":[{"href":"https:\/\/www.r2cpress.com.br\/v1\/wp-json\/wp\/v2\/posts"}],"about":[{"href":"https:\/\/www.r2cpress.com.br\/v1\/wp-json\/wp\/v2\/types\/post"}],"author":[{"embeddable":true,"href":"https:\/\/www.r2cpress.com.br\/v1\/wp-json\/wp\/v2\/users\/2"}],"replies":[{"embeddable":true,"href":"https:\/\/www.r2cpress.com.br\/v1\/wp-json\/wp\/v2\/comments?post=6879"}],"version-history":[{"count":2,"href":"https:\/\/www.r2cpress.com.br\/v1\/wp-json\/wp\/v2\/posts\/6879\/revisions"}],"predecessor-version":[{"id":6882,"href":"https:\/\/www.r2cpress.com.br\/v1\/wp-json\/wp\/v2\/posts\/6879\/revisions\/6882"}],"wp:attachment":[{"href":"https:\/\/www.r2cpress.com.br\/v1\/wp-json\/wp\/v2\/media?parent=6879"}],"wp:term":[{"taxonomy":"category","embeddable":true,"href":"https:\/\/www.r2cpress.com.br\/v1\/wp-json\/wp\/v2\/categories?post=6879"},{"taxonomy":"post_tag","embeddable":true,"href":"https:\/\/www.r2cpress.com.br\/v1\/wp-json\/wp\/v2\/tags?post=6879"}],"curies":[{"name":"wp","href":"https:\/\/api.w.org\/{rel}","templated":true}]}}