{"id":68841,"date":"2013-07-15T11:17:05","date_gmt":"2013-07-15T14:17:05","guid":{"rendered":"http:\/\/www.r2cpress.com.br\/v1\/?p=68841"},"modified":"2013-07-15T11:17:05","modified_gmt":"2013-07-15T14:17:05","slug":"resgatar-os-jovens-na-igreja-e-na-sociedade","status":"publish","type":"post","link":"https:\/\/www.r2cpress.com.br\/v1\/2013\/07\/15\/resgatar-os-jovens-na-igreja-e-na-sociedade\/","title":{"rendered":"RESGATAR OS JOVENS NA IGREJA E NA SOCIEDADE"},"content":{"rendered":"<p><em><strong>S\u00c3O OS OBJETIVOS QUE PR\u00c9-JORNADA MISSION\u00c1RIA DA JUVENTUDE DA DIOCESE DE ILH\u00c9US.<\/strong><\/em><\/p>\n<p><div id=\"attachment_68842\" style=\"width: 343px\" class=\"wp-caption alignleft\"><a href=\"http:\/\/www.r2cpress.com.br\/v1\/wp-content\/uploads\/Pe-Jose-Alvino-de-Cristo.jpg\"><img aria-describedby=\"caption-attachment-68842\" loading=\"lazy\" src=\"http:\/\/www.r2cpress.com.br\/v1\/wp-content\/uploads\/Pe-Jose-Alvino-de-Cristo.jpg\" alt=\"Pe Jose Alvino de Cristo\" width=\"333\" height=\"290\" class=\"size-full wp-image-68842\" srcset=\"https:\/\/www.r2cpress.com.br\/v1\/wp-content\/uploads\/Pe-Jose-Alvino-de-Cristo.jpg 333w, https:\/\/www.r2cpress.com.br\/v1\/wp-content\/uploads\/Pe-Jose-Alvino-de-Cristo-300x261.jpg 300w\" sizes=\"(max-width: 333px) 100vw, 333px\" \/><\/a><p id=\"caption-attachment-68842\" class=\"wp-caption-text\">Pe Jose Alvino de Cristo<\/p><\/div>S\u00e3o muitas as d\u00favidas dos jovens que acompanham os preparativos para a Jornada Mundial da Juventude sobre o futuro dos trabalhos voltados para a juventude ap\u00f3s a Jornada Mundial da Juventude. A esperan\u00e7a entre os jovens \u00e9 que, com o passar da Jornada, a Igreja continue com as portas abertas para a juventude. A Jornada Mundial da Juventude ser\u00e1 um resgate dos trabalhos com jovens no Brasil, neste sentido n\u00e3o tenho d\u00favidas que a realiza\u00e7\u00e3o da pr\u00e9-jornada mission\u00e1ria da juventude e  ou sobretudo a jornada propriamente dita ser\u00e3o acontecimentos que marcaram a nova evangeliza\u00e7\u00e3o na Igreja no Brasil. Os jovens tem esta perspectiva e esperan\u00e7a.<\/p>\n<p>Mesmo sabendo que  a juventude est\u00e1 presente nas preocupa\u00e7\u00f5es e nas a\u00e7\u00f5es da Igreja do Brasil j\u00e1 h\u00e1 um bom tempo, veja por exemplo que j\u00e1 foram duas Campanhas da Fraternidade voltadas para os jovens \u00c9 claro, por\u00e9m, que a oportunidade de um Encontro Mundial de Jovens (JMJ), no Brasil, certamente trar\u00e1 um novo impulso e, tamb\u00e9m, um novo olhar e outras oportunidades de reflex\u00e3o. Ser\u00e1 ainda um tempo prop\u00edcio para nos aproximarmos de certos grupos juvenis (\u201ctribos\u201d) ainda um pouco afastados e buscarmos um di\u00e1logo.<\/p>\n<p>Creio eu que  nestes dias, um dos temas de discuss\u00e3o \u00e9 o empenho da Dioceses de Ilh\u00e9us e de toda a Igreja do Brasil no \u201cp\u00f3s-jornada\u201d. Queremos renovar nosso compromisso com a juventude buscando novas linguagens, novos espa\u00e7os, novas modalidades. Com certeza, a discuss\u00e3o sobre o mundo virtual, as redes sociais e os espa\u00e7os midi\u00e1ticos ter\u00e3o um lugar de destaque nestas reflex\u00f5es. Mas tamb\u00e9m  os novos grupos, as novas identidades!<\/p>\n<p>No caso da nossa Diocese, que neste ano completa 100 anos, \u00e9 evidente que a quest\u00e3o da juventude tem que ser prioridade, por isso a pr\u00e9-jornada ganha um sentido todo especial, pois, no projeto p\u00f3s festividades centen\u00e1ria deve-se pensar profundamente nos jovens como esperan\u00e7a de um futuro para a Igreja que come\u00e7a agora e tamb\u00e9m como um momento para chamar a aten\u00e7\u00e3o do Estado para as necessidades da juventude brasileira.<\/p>\n<p>Com certeza este momento ser\u00e1 eterno, um encontro bonito entre a Igreja, os nossos jovens e a Sociedade, seja um verdadeiro revivamento da f\u00e9 nos jovens e dos jovens.<\/p>\n<p>intensamente este Esp\u00edrito em nosso pa\u00eds e que possamos, tamb\u00e9m a partir desta grande celebra\u00e7\u00e3o que \u00e9 a JMJ Rio2013, viver dias melhores, onde o Reino chegue a todos.<\/p>\n<p>Pe. Jos\u00e9 Alvino Cristo<\/p>\n","protected":false},"excerpt":{"rendered":"<p>S\u00c3O OS OBJETIVOS QUE PR\u00c9-JORNADA MISSION\u00c1RIA DA JUVENTUDE DA DIOCESE DE ILH\u00c9US. S\u00e3o muitas as d\u00favidas dos jovens que acompanham os preparativos para a Jornada Mundial da Juventude sobre o futuro dos trabalhos voltados para a juventude ap\u00f3s a Jornada Mundial da Juventude. A esperan\u00e7a entre os jovens \u00e9 que, com o passar da Jornada, [&hellip;]<\/p>\n","protected":false},"author":2,"featured_media":0,"comment_status":"open","ping_status":"open","sticky":false,"template":"","format":"standard","meta":{"_links_to":"","_links_to_target":""},"categories":[17],"tags":[],"_links":{"self":[{"href":"https:\/\/www.r2cpress.com.br\/v1\/wp-json\/wp\/v2\/posts\/68841"}],"collection":[{"href":"https:\/\/www.r2cpress.com.br\/v1\/wp-json\/wp\/v2\/posts"}],"about":[{"href":"https:\/\/www.r2cpress.com.br\/v1\/wp-json\/wp\/v2\/types\/post"}],"author":[{"embeddable":true,"href":"https:\/\/www.r2cpress.com.br\/v1\/wp-json\/wp\/v2\/users\/2"}],"replies":[{"embeddable":true,"href":"https:\/\/www.r2cpress.com.br\/v1\/wp-json\/wp\/v2\/comments?post=68841"}],"version-history":[{"count":2,"href":"https:\/\/www.r2cpress.com.br\/v1\/wp-json\/wp\/v2\/posts\/68841\/revisions"}],"predecessor-version":[{"id":68844,"href":"https:\/\/www.r2cpress.com.br\/v1\/wp-json\/wp\/v2\/posts\/68841\/revisions\/68844"}],"wp:attachment":[{"href":"https:\/\/www.r2cpress.com.br\/v1\/wp-json\/wp\/v2\/media?parent=68841"}],"wp:term":[{"taxonomy":"category","embeddable":true,"href":"https:\/\/www.r2cpress.com.br\/v1\/wp-json\/wp\/v2\/categories?post=68841"},{"taxonomy":"post_tag","embeddable":true,"href":"https:\/\/www.r2cpress.com.br\/v1\/wp-json\/wp\/v2\/tags?post=68841"}],"curies":[{"name":"wp","href":"https:\/\/api.w.org\/{rel}","templated":true}]}}